{"id":9319,"date":"2023-08-17T11:21:42","date_gmt":"2023-08-17T09:21:42","guid":{"rendered":"https:\/\/kaleidoskopkulture.com\/?p=9319"},"modified":"2023-09-07T09:49:13","modified_gmt":"2023-09-07T07:49:13","slug":"sesti-kaleidoskop-kulture","status":"publish","type":"post","link":"https:\/\/kaleidoskopkulture.com\/sr\/sesti-kaleidoskop-kulture\/","title":{"rendered":"\u0160esti Kaleidoskop kulture: Vi\u0161e od mesec dana vrhunske umetnosti samo u Novom Sadu"},"content":{"rendered":"<p>Najzna\u010dajnija umetni\u010dka smotra u ovom delu Evrope, \u0161esti <strong>Kaleidoskop kulture<\/strong> u Novom Sadu, od 7. septembra do 15. oktobra predstavi\u0107e najve\u0107a svetska umetni\u010dka imena, velikane srpske kulture i mlade stvaraoce u usponu, u najva\u017enijim prostornim legatima Evropske prestonice kulture \u2013 <strong>Distriktu i mre\u017ei kulturnih stanica.<\/strong> Tokom pet nedelja i kroz pet vrsta umetnosti, <strong>vi\u0161e od 1000 umetnika<\/strong> i umetnica slavi\u0107e 40 dana kulture zajedni\u0161tva i odgovoriti na umetni\u010dki koncept <strong>\u201eNeraskidive veze\u201c.<\/strong><\/p>\n<p><iframe title=\"Kaleidoskop kulture #6\" width=\"640\" height=\"360\" src=\"https:\/\/www.youtube.com\/embed\/b6dN4GQJIWk?feature=oembed\" frameborder=\"0\" allow=\"accelerometer; autoplay; clipboard-write; encrypted-media; gyroscope; picture-in-picture; web-share\" referrerpolicy=\"strict-origin-when-cross-origin\" allowfullscreen><\/iframe><\/p>\n<p>\u201eOd mno\u0161tva doga\u0111aja do evropski prepoznatljivog programskog koncepta, ove godine i umetni\u010dke poruke \u201cneraskidive veze\u201d Kaleidoskop je po mnogo \u010demu u kulturi Srbije i regiona prvi, jedinstven i druga\u010diji. Ako neko i pomisli da je to pretenciozno, onda to mo\u017ee da zahvali samo umetnicima i publici koji su ga kroz redovne evaluacije tako razvijali. Ako smo mi verovali njima, vi mo\u017eete \u010dinjenicama ili novom dolasku na njega.\u201c, rekao je direktor Fondacije \u201eNovi Sad \u2013 Evropska prestonica kulture\u201c, Nemanja Milenkovi\u0107.<\/p>\n<p><a href=\"https:\/\/kaleidoskopkulture.com\/sr\/sta-nas-ceka-na-otvaranju-kaleidoskopa-kulture\/\"><strong>\u010cetiri dana otvaranja Kaleidoskopa kulture<\/strong><\/a> predstavi\u0107e Ginisovog rekordera i jednog od napopularnijih pijanista sveta, <a href=\"https:\/\/kaleidoskopkulture.com\/sr\/korzo-3\/\"><strong>Petera Bencea uz Vojvo\u0111anski simfonijski<\/strong><\/a> orkestar na Korzu, 7. septembra i premijeru multimedijalnog doga\u0111aja \u201eNeraskidive veze\u201c u Distriktu 8. septembra, uz jo\u0161 dva izvo\u0111enja 9. i 10. septembra, koji kroz pet vrsta umetnosti, spaja vi\u0161e od 300 umetnika, prave\u0107i osvrt na sto godina Distrikta, tragom najzna\u010dajnijih istorijskih doga\u0111aja 20. i 21. veka.<\/p>\n<p><img fetchpriority=\"high\" decoding=\"async\" class=\"alignnone size-full wp-image-9363\" src=\"https:\/\/kaleidoskopkulture.com\/wp-content\/uploads\/2023\/08\/Korzo-2022-foto-M.-Pudic.jpg\" alt=\"\" width=\"2048\" height=\"1365\" srcset=\"https:\/\/kaleidoskopkulture.com\/wp-content\/uploads\/2023\/08\/Korzo-2022-foto-M.-Pudic.jpg 2048w, https:\/\/kaleidoskopkulture.com\/wp-content\/uploads\/2023\/08\/Korzo-2022-foto-M.-Pudic-300x200.jpg 300w, https:\/\/kaleidoskopkulture.com\/wp-content\/uploads\/2023\/08\/Korzo-2022-foto-M.-Pudic-1024x683.jpg 1024w, https:\/\/kaleidoskopkulture.com\/wp-content\/uploads\/2023\/08\/Korzo-2022-foto-M.-Pudic-768x512.jpg 768w, https:\/\/kaleidoskopkulture.com\/wp-content\/uploads\/2023\/08\/Korzo-2022-foto-M.-Pudic-1536x1024.jpg 1536w\" sizes=\"(max-width: 2048px) 100vw, 2048px\" \/><\/p>\n<p>\u201eJa sam ovde ispred Gimnazije \u201eLaza Kosti\u0107\u201d kao nastavnica scenskih umetnosti. Mi u\u010denike u\u010dimo kako da pi\u0161u projekte jer je nas Evropska prestonica kulture nau\u010dila kako to da radimo pa sada mi to njih u\u010dimo. Pored toga,\u00a0 ja stalno govorim ako je Sterijino pozorje zatvaranje pozori\u0161ne sezone onda je nekako, po mom mi\u0161ljenju, Kaleidoskop kulture ne\u0161to \u0161to po\u010dinje da bude otvaranje umetni\u010dke sezone. Nama je to jako va\u017eno.\u201c, rekla je rediteljka predstave \u201eNekr\u0161teni dani\u201c, Sonja Le\u0161tar.<\/p>\n<p>Dobitnik Gremija i jedan od najpopularnijih d\u017eez muzi\u010dara, <strong><a href=\"https:\/\/kaleidoskopkulture.com\/sr\/jason-miles-kaleidoskop-kulture\/\">D\u017eejson Majls<\/a>,<\/strong> svetski virtuoz <strong><a href=\"https:\/\/kaleidoskopkulture.com\/sr\/stefan-milenkovic-otvara-kulturnu-stanicu-stepanovicevo-u-nedelji-izvodjacke-umetnosti\/\">Stefan Milenkovi\u0107<\/a>,<\/strong> najzna\u010dajnija doma\u0107a i regionalna imena knji\u017eevnosti <strong>Matija Be\u0107kovi\u0107, Muharem Bazdulj, Milica Vu\u010dkovi\u0107, Jasminka Petrovi\u0107, Danica Vuki\u0107evi\u0107<\/strong>, dobitnica NIN-ove nagrade, zatim dobitnik Prickerove nagrade, Nobelovog pandana u arhitekturi, <strong>Alehandro Aravena,<\/strong> renomirani dizajneri <strong>Goran Edi Tadi\u0107<\/strong> i <strong>Slavimir Stojanovi\u0107 Futro<\/strong>, jedan od najzna\u010dajnijih mladih slikara, <strong>Aleksandar Bajunovi\u0107<\/strong>, samo su neki od imena koji \u0107e ove godine biti deo Kaleidoskopa kulture.<\/p>\n<p>Uz najzna\u010dajnija imena, publika \u0107e imati prilike da vidi do sada nevi\u0111ene umetni\u010dke postavke, kao \u0161to je prva multimedijalna izlo\u017eba o industrijskom nasle\u0111u pod nazivom \u201eDuh mesta\u201c, zatim izlo\u017eba koja \u0107e po prvi put, na jednom mestu, i u tom obimu, predstaviti dela velikana srpske umetnosti me\u0111u kojima su \u2013 <strong>Petar Lubarda, Milena Pavlovi\u0107 Barili, Sava \u0160umanovi\u0107, Milan Konjevi\u0107, Olja Ivanjicki, Vladimir Veli\u010dkovi\u0107, Marina Abramovi\u0107<\/strong> i drugi, izlo\u017eba svetske naive, nesvakida\u0161nje umetni\u010dke instalacije i drugo.<\/p>\n<p><img decoding=\"async\" class=\"alignnone size-full wp-image-9365\" src=\"https:\/\/kaleidoskopkulture.com\/wp-content\/uploads\/2023\/08\/Kaleidoskop-kulture-konferencija-foto-V.-Velickovic.jpg\" alt=\"\" width=\"2048\" height=\"1365\" srcset=\"https:\/\/kaleidoskopkulture.com\/wp-content\/uploads\/2023\/08\/Kaleidoskop-kulture-konferencija-foto-V.-Velickovic.jpg 2048w, https:\/\/kaleidoskopkulture.com\/wp-content\/uploads\/2023\/08\/Kaleidoskop-kulture-konferencija-foto-V.-Velickovic-300x200.jpg 300w, https:\/\/kaleidoskopkulture.com\/wp-content\/uploads\/2023\/08\/Kaleidoskop-kulture-konferencija-foto-V.-Velickovic-1024x683.jpg 1024w, https:\/\/kaleidoskopkulture.com\/wp-content\/uploads\/2023\/08\/Kaleidoskop-kulture-konferencija-foto-V.-Velickovic-768x512.jpg 768w, https:\/\/kaleidoskopkulture.com\/wp-content\/uploads\/2023\/08\/Kaleidoskop-kulture-konferencija-foto-V.-Velickovic-1536x1024.jpg 1536w\" sizes=\"(max-width: 2048px) 100vw, 2048px\" \/><\/p>\n<p>\u201eKaleidoskop kulture je ne\u0161to \u0161to je na najlep\u0161i mogu\u0107i na\u010din neizbe\u017eno za bilo koga ko \u017eivi u Novom Sadu. Prosto ulazite u tu jednu kupku kulture i bez obzira na to da li nekad nemate interes prema svakom sadr\u017eaju, ili \u010dak nekad nemate vremena, neizbe\u017eno je da do\u0111ete u kontakt sa tom atmosferom koju u stvari Kaleidoskop kulture stvara. Mo\u017ee se re\u0107i da je to jedan svetski festival.\u201c rekao je violinista, Stefan Milenkovi\u0107.<\/p>\n<p>Kaleidoskop kulture je najprepoznatljivi i najpose\u0107eniji doga\u0111aj Evropske prestonice kulture, sa najvi\u0161im ocenama publike, koji bi vi\u0161e od<strong> 90 odsto posetilaca ponovo posetilo<\/strong>, a kvalitet programa navodi se kao glavni razlog posete, kako pokazuju nezavisna istra\u017eivanja sa Univerziteta u Novom Sadu.<\/p>\n<p>\u201eNastao u okviru priprema za godinu titule Evropske prestonice kulture i nastavljaju\u0107i da postoji kao legat i nakon 2022. godine, ovaj projekat polako prerasta u tradicionalno okupljanje gra\u0111ana, umetnika, ustanova i institucija oko sadr\u017eaja koje zajedni\u010dki kreiraju i koji na kraju doprinose ne samo boga\u0107enju kulturne matrice na\u0161eg grada nego i oplemenjivanju \u017eivota zajednice. Grad Novi Sad nastavlja da otvara nove prostore za kulturu, ja\u010da infrastrukturu u oblasti kulture i doprinosi decentralizaciji, pa smo tako do sada otvorili devet Kulturnih stanica, a danas mogu da najavim da \u0107e Mre\u017ea kulturnih stanica biti pro\u0161irena na dve nove adrese \u2013 u Stepanovi\u0107evu, gde se KS sve\u010dano otvara 12. septembra\u00a0 koncertom Stefana Milenkovi\u0107a i MKC \u201ePetefi \u0160andor\u201c, na Telepu.\u201c, rekao je \u010dlan Gradskog ve\u0107a za kulturu, Dalibor Ro\u017ei\u0107.<\/p>\n<p><strong>Ulaz na programe Kaleidoskopa kulture je slobodan.<\/strong><\/p>\n<p><strong>Partner Kaleidoskopa kulture je\u00a0<a href=\"https:\/\/www.erstebank.rs\/sr\/Stanovnistvo\">Erste banka<\/a>. Partner multimedijalnog doga\u0111aja\u00a0<a href=\"https:\/\/kaleidoskopkulture.com\/sr\/neraskidive-veze-na-otvaranju-kaleidoskopa-kulture-u-distriktu\/\">\u201eNeraskidive veze\u201d<\/a>\u00a0je\u00a0<a href=\"https:\/\/neoplanta.rs\/en\/\">Neoplanta<\/a>.<\/strong><\/p>\n<p>Fotografije: Marko Pudi\u0107, Vladimir Veli\u010dkovi\u0107<\/p>\n<p>&nbsp;<\/p>\n","protected":false},"excerpt":{"rendered":"<p>Najzna\u010dajnija umetni\u010dka smotra u ovom delu Evrope, \u0161esti Kaleidoskop kulture u Novom Sadu, od 7. septembra do 15. oktobra predstavi\u0107e najve\u0107a svetska umetni\u010dka imena, velikane srpske kulture i mlade stvaraoce u usponu, u najva\u017enijim prostornim legatima Evropske prestonice kulture \u2013&#8230;<\/p>\n","protected":false},"author":10,"featured_media":9248,"comment_status":"closed","ping_status":"closed","sticky":false,"template":"","format":"standard","meta":{"footnotes":""},"categories":[25,294,434,296],"tags":[],"class_list":["post-9319","post","type-post","status-publish","format-standard","has-post-thumbnail","hentry","category-aktuelno","category-aktuelno-vesti","category-kaleidoskop-kulture-2023","category-otvaranje-vesti"],"yoast_head":"<!-- This site is optimized with the Yoast SEO plugin v22.4 - https:\/\/yoast.com\/wordpress\/plugins\/seo\/ -->\n<title>\u0160esti Kaleidoskop kulture: Vi\u0161e od mesec dana vrhunske umetnosti samo u Novom Sadu - Kaleidoskop kulture<\/title>\n<meta name=\"description\" content=\"Najzna\u010dajnija umetni\u010dka smotra u ovom delu Evrope, \u0161esti Kaleidoskop kulture u Novom Sadu, od 7. septembra do 15. oktobra.\" \/>\n<meta name=\"robots\" content=\"index, follow, max-snippet:-1, max-image-preview:large, max-video-preview:-1\" \/>\n<link rel=\"canonical\" href=\"https:\/\/kaleidoskopkulture.com\/sr\/sesti-kaleidoskop-kulture\/\" \/>\n<meta property=\"og:locale\" content=\"sr_RS\" \/>\n<meta property=\"og:type\" content=\"article\" \/>\n<meta property=\"og:title\" content=\"\u0160esti Kaleidoskop kulture: Vi\u0161e od mesec dana vrhunske umetnosti samo u Novom Sadu - Kaleidoskop kulture\" \/>\n<meta property=\"og:description\" content=\"Najzna\u010dajnija umetni\u010dka smotra u ovom delu Evrope, \u0161esti Kaleidoskop kulture u Novom Sadu, od 7. septembra do 15. oktobra.\" \/>\n<meta property=\"og:url\" content=\"https:\/\/kaleidoskopkulture.com\/sr\/sesti-kaleidoskop-kulture\/\" \/>\n<meta property=\"og:site_name\" content=\"Kaleidoskop kulture\" \/>\n<meta property=\"article:published_time\" content=\"2023-08-17T09:21:42+00:00\" \/>\n<meta property=\"article:modified_time\" content=\"2023-09-07T07:49:13+00:00\" \/>\n<meta property=\"og:image\" content=\"https:\/\/kaleidoskopkulture.com\/wp-content\/uploads\/2023\/08\/1200x800-1.png\" \/>\n\t<meta property=\"og:image:width\" content=\"1200\" \/>\n\t<meta property=\"og:image:height\" content=\"800\" \/>\n\t<meta property=\"og:image:type\" content=\"image\/png\" \/>\n<meta name=\"author\" content=\"Jasmina Toma\u0161evi\u0107\" \/>\n<meta name=\"twitter:card\" content=\"summary_large_image\" \/>\n<meta name=\"twitter:label1\" content=\"Napisano od\" \/>\n\t<meta name=\"twitter:data1\" content=\"Jasmina Toma\u0161evi\u0107\" \/>\n\t<meta name=\"twitter:label2\" content=\"Procenjeno vreme \u010ditanja\" \/>\n\t<meta name=\"twitter:data2\" content=\"4 minuta\" \/>\n<script type=\"application\/ld+json\" class=\"yoast-schema-graph\">{\"@context\":\"https:\/\/schema.org\",\"@graph\":[{\"@type\":\"Article\",\"@id\":\"https:\/\/kaleidoskopkulture.com\/sr\/sesti-kaleidoskop-kulture\/#article\",\"isPartOf\":{\"@id\":\"https:\/\/kaleidoskopkulture.com\/sr\/sesti-kaleidoskop-kulture\/\"},\"author\":{\"name\":\"Jasmina Toma\u0161evi\u0107\",\"@id\":\"https:\/\/kaleidoskopkulture.com\/sr\/#\/schema\/person\/0d8d753b697d706199f9ad6795577075\"},\"headline\":\"\u0160esti Kaleidoskop kulture: Vi\u0161e od mesec dana vrhunske umetnosti samo u Novom Sadu\",\"datePublished\":\"2023-08-17T09:21:42+00:00\",\"dateModified\":\"2023-09-07T07:49:13+00:00\",\"mainEntityOfPage\":{\"@id\":\"https:\/\/kaleidoskopkulture.com\/sr\/sesti-kaleidoskop-kulture\/\"},\"wordCount\":801,\"publisher\":{\"@id\":\"https:\/\/kaleidoskopkulture.com\/sr\/#organization\"},\"image\":{\"@id\":\"https:\/\/kaleidoskopkulture.com\/sr\/sesti-kaleidoskop-kulture\/#primaryimage\"},\"thumbnailUrl\":\"https:\/\/kaleidoskopkulture.com\/wp-content\/uploads\/2023\/08\/1200x800-1.png\",\"articleSection\":[\"Aktuelno\",\"Aktuelno vesti\",\"Kaleidoskop kulture 2023.\",\"Otvaranje vesti\"],\"inLanguage\":\"sr-RS\"},{\"@type\":\"WebPage\",\"@id\":\"https:\/\/kaleidoskopkulture.com\/sr\/sesti-kaleidoskop-kulture\/\",\"url\":\"https:\/\/kaleidoskopkulture.com\/sr\/sesti-kaleidoskop-kulture\/\",\"name\":\"\u0160esti Kaleidoskop kulture: Vi\u0161e od mesec dana vrhunske umetnosti samo u Novom Sadu - Kaleidoskop kulture\",\"isPartOf\":{\"@id\":\"https:\/\/kaleidoskopkulture.com\/sr\/#website\"},\"primaryImageOfPage\":{\"@id\":\"https:\/\/kaleidoskopkulture.com\/sr\/sesti-kaleidoskop-kulture\/#primaryimage\"},\"image\":{\"@id\":\"https:\/\/kaleidoskopkulture.com\/sr\/sesti-kaleidoskop-kulture\/#primaryimage\"},\"thumbnailUrl\":\"https:\/\/kaleidoskopkulture.com\/wp-content\/uploads\/2023\/08\/1200x800-1.png\",\"datePublished\":\"2023-08-17T09:21:42+00:00\",\"dateModified\":\"2023-09-07T07:49:13+00:00\",\"description\":\"Najzna\u010dajnija umetni\u010dka smotra u ovom delu Evrope, \u0161esti Kaleidoskop kulture u Novom Sadu, od 7. septembra do 15. oktobra.\",\"breadcrumb\":{\"@id\":\"https:\/\/kaleidoskopkulture.com\/sr\/sesti-kaleidoskop-kulture\/#breadcrumb\"},\"inLanguage\":\"sr-RS\",\"potentialAction\":[{\"@type\":\"ReadAction\",\"target\":[\"https:\/\/kaleidoskopkulture.com\/sr\/sesti-kaleidoskop-kulture\/\"]}]},{\"@type\":\"ImageObject\",\"inLanguage\":\"sr-RS\",\"@id\":\"https:\/\/kaleidoskopkulture.com\/sr\/sesti-kaleidoskop-kulture\/#primaryimage\",\"url\":\"https:\/\/kaleidoskopkulture.com\/wp-content\/uploads\/2023\/08\/1200x800-1.png\",\"contentUrl\":\"https:\/\/kaleidoskopkulture.com\/wp-content\/uploads\/2023\/08\/1200x800-1.png\",\"width\":1200,\"height\":800},{\"@type\":\"BreadcrumbList\",\"@id\":\"https:\/\/kaleidoskopkulture.com\/sr\/sesti-kaleidoskop-kulture\/#breadcrumb\",\"itemListElement\":[{\"@type\":\"ListItem\",\"position\":1,\"name\":\"Home\",\"item\":\"https:\/\/kaleidoskopkulture.com\/sr\/\"},{\"@type\":\"ListItem\",\"position\":2,\"name\":\"\u0160esti Kaleidoskop kulture: Vi\u0161e od mesec dana vrhunske umetnosti samo u Novom Sadu\"}]},{\"@type\":\"WebSite\",\"@id\":\"https:\/\/kaleidoskopkulture.com\/sr\/#website\",\"url\":\"https:\/\/kaleidoskopkulture.com\/sr\/\",\"name\":\"Kaleidoskop kulture\",\"description\":\"Novo lice kulture u Novom Sadu\",\"publisher\":{\"@id\":\"https:\/\/kaleidoskopkulture.com\/sr\/#organization\"},\"potentialAction\":[{\"@type\":\"SearchAction\",\"target\":{\"@type\":\"EntryPoint\",\"urlTemplate\":\"https:\/\/kaleidoskopkulture.com\/sr\/?s={search_term_string}\"},\"query-input\":\"required name=search_term_string\"}],\"inLanguage\":\"sr-RS\"},{\"@type\":\"Organization\",\"@id\":\"https:\/\/kaleidoskopkulture.com\/sr\/#organization\",\"name\":\"Kaleidoskop kulture\",\"url\":\"https:\/\/kaleidoskopkulture.com\/sr\/\",\"logo\":{\"@type\":\"ImageObject\",\"inLanguage\":\"sr-RS\",\"@id\":\"https:\/\/kaleidoskopkulture.com\/sr\/#\/schema\/logo\/image\/\",\"url\":\"https:\/\/kaleidoskopkulture.com\/wp-content\/uploads\/2022\/08\/cropped-kk-logo-1-1.png\",\"contentUrl\":\"https:\/\/kaleidoskopkulture.com\/wp-content\/uploads\/2022\/08\/cropped-kk-logo-1-1.png\",\"width\":260,\"height\":90,\"caption\":\"Kaleidoskop kulture\"},\"image\":{\"@id\":\"https:\/\/kaleidoskopkulture.com\/sr\/#\/schema\/logo\/image\/\"}},{\"@type\":\"Person\",\"@id\":\"https:\/\/kaleidoskopkulture.com\/sr\/#\/schema\/person\/0d8d753b697d706199f9ad6795577075\",\"name\":\"Jasmina Toma\u0161evi\u0107\",\"image\":{\"@type\":\"ImageObject\",\"inLanguage\":\"sr-RS\",\"@id\":\"https:\/\/kaleidoskopkulture.com\/sr\/#\/schema\/person\/image\/\",\"url\":\"https:\/\/secure.gravatar.com\/avatar\/d2e726a2a0cc0212782f6b85597f58c9?s=96&d=mm&r=g\",\"contentUrl\":\"https:\/\/secure.gravatar.com\/avatar\/d2e726a2a0cc0212782f6b85597f58c9?s=96&d=mm&r=g\",\"caption\":\"Jasmina Toma\u0161evi\u0107\"}}]}<\/script>\n<!-- \/ Yoast SEO plugin. -->","yoast_head_json":{"title":"\u0160esti Kaleidoskop kulture: Vi\u0161e od mesec dana vrhunske umetnosti samo u Novom Sadu - Kaleidoskop kulture","description":"Najzna\u010dajnija umetni\u010dka smotra u ovom delu Evrope, \u0161esti Kaleidoskop kulture u Novom Sadu, od 7. septembra do 15. oktobra.","robots":{"index":"index","follow":"follow","max-snippet":"max-snippet:-1","max-image-preview":"max-image-preview:large","max-video-preview":"max-video-preview:-1"},"canonical":"https:\/\/kaleidoskopkulture.com\/sr\/sesti-kaleidoskop-kulture\/","og_locale":"sr_RS","og_type":"article","og_title":"\u0160esti Kaleidoskop kulture: Vi\u0161e od mesec dana vrhunske umetnosti samo u Novom Sadu - Kaleidoskop kulture","og_description":"Najzna\u010dajnija umetni\u010dka smotra u ovom delu Evrope, \u0161esti Kaleidoskop kulture u Novom Sadu, od 7. septembra do 15. oktobra.","og_url":"https:\/\/kaleidoskopkulture.com\/sr\/sesti-kaleidoskop-kulture\/","og_site_name":"Kaleidoskop kulture","article_published_time":"2023-08-17T09:21:42+00:00","article_modified_time":"2023-09-07T07:49:13+00:00","og_image":[{"width":1200,"height":800,"url":"https:\/\/kaleidoskopkulture.com\/wp-content\/uploads\/2023\/08\/1200x800-1.png","type":"image\/png"}],"author":"Jasmina Toma\u0161evi\u0107","twitter_card":"summary_large_image","twitter_misc":{"Napisano od":"Jasmina Toma\u0161evi\u0107","Procenjeno vreme \u010ditanja":"4 minuta"},"schema":{"@context":"https:\/\/schema.org","@graph":[{"@type":"Article","@id":"https:\/\/kaleidoskopkulture.com\/sr\/sesti-kaleidoskop-kulture\/#article","isPartOf":{"@id":"https:\/\/kaleidoskopkulture.com\/sr\/sesti-kaleidoskop-kulture\/"},"author":{"name":"Jasmina Toma\u0161evi\u0107","@id":"https:\/\/kaleidoskopkulture.com\/sr\/#\/schema\/person\/0d8d753b697d706199f9ad6795577075"},"headline":"\u0160esti Kaleidoskop kulture: Vi\u0161e od mesec dana vrhunske umetnosti samo u Novom Sadu","datePublished":"2023-08-17T09:21:42+00:00","dateModified":"2023-09-07T07:49:13+00:00","mainEntityOfPage":{"@id":"https:\/\/kaleidoskopkulture.com\/sr\/sesti-kaleidoskop-kulture\/"},"wordCount":801,"publisher":{"@id":"https:\/\/kaleidoskopkulture.com\/sr\/#organization"},"image":{"@id":"https:\/\/kaleidoskopkulture.com\/sr\/sesti-kaleidoskop-kulture\/#primaryimage"},"thumbnailUrl":"https:\/\/kaleidoskopkulture.com\/wp-content\/uploads\/2023\/08\/1200x800-1.png","articleSection":["Aktuelno","Aktuelno vesti","Kaleidoskop kulture 2023.","Otvaranje vesti"],"inLanguage":"sr-RS"},{"@type":"WebPage","@id":"https:\/\/kaleidoskopkulture.com\/sr\/sesti-kaleidoskop-kulture\/","url":"https:\/\/kaleidoskopkulture.com\/sr\/sesti-kaleidoskop-kulture\/","name":"\u0160esti Kaleidoskop kulture: Vi\u0161e od mesec dana vrhunske umetnosti samo u Novom Sadu - Kaleidoskop kulture","isPartOf":{"@id":"https:\/\/kaleidoskopkulture.com\/sr\/#website"},"primaryImageOfPage":{"@id":"https:\/\/kaleidoskopkulture.com\/sr\/sesti-kaleidoskop-kulture\/#primaryimage"},"image":{"@id":"https:\/\/kaleidoskopkulture.com\/sr\/sesti-kaleidoskop-kulture\/#primaryimage"},"thumbnailUrl":"https:\/\/kaleidoskopkulture.com\/wp-content\/uploads\/2023\/08\/1200x800-1.png","datePublished":"2023-08-17T09:21:42+00:00","dateModified":"2023-09-07T07:49:13+00:00","description":"Najzna\u010dajnija umetni\u010dka smotra u ovom delu Evrope, \u0161esti Kaleidoskop kulture u Novom Sadu, od 7. septembra do 15. oktobra.","breadcrumb":{"@id":"https:\/\/kaleidoskopkulture.com\/sr\/sesti-kaleidoskop-kulture\/#breadcrumb"},"inLanguage":"sr-RS","potentialAction":[{"@type":"ReadAction","target":["https:\/\/kaleidoskopkulture.com\/sr\/sesti-kaleidoskop-kulture\/"]}]},{"@type":"ImageObject","inLanguage":"sr-RS","@id":"https:\/\/kaleidoskopkulture.com\/sr\/sesti-kaleidoskop-kulture\/#primaryimage","url":"https:\/\/kaleidoskopkulture.com\/wp-content\/uploads\/2023\/08\/1200x800-1.png","contentUrl":"https:\/\/kaleidoskopkulture.com\/wp-content\/uploads\/2023\/08\/1200x800-1.png","width":1200,"height":800},{"@type":"BreadcrumbList","@id":"https:\/\/kaleidoskopkulture.com\/sr\/sesti-kaleidoskop-kulture\/#breadcrumb","itemListElement":[{"@type":"ListItem","position":1,"name":"Home","item":"https:\/\/kaleidoskopkulture.com\/sr\/"},{"@type":"ListItem","position":2,"name":"\u0160esti Kaleidoskop kulture: Vi\u0161e od mesec dana vrhunske umetnosti samo u Novom Sadu"}]},{"@type":"WebSite","@id":"https:\/\/kaleidoskopkulture.com\/sr\/#website","url":"https:\/\/kaleidoskopkulture.com\/sr\/","name":"Kaleidoskop kulture","description":"Novo lice kulture u Novom Sadu","publisher":{"@id":"https:\/\/kaleidoskopkulture.com\/sr\/#organization"},"potentialAction":[{"@type":"SearchAction","target":{"@type":"EntryPoint","urlTemplate":"https:\/\/kaleidoskopkulture.com\/sr\/?s={search_term_string}"},"query-input":"required name=search_term_string"}],"inLanguage":"sr-RS"},{"@type":"Organization","@id":"https:\/\/kaleidoskopkulture.com\/sr\/#organization","name":"Kaleidoskop kulture","url":"https:\/\/kaleidoskopkulture.com\/sr\/","logo":{"@type":"ImageObject","inLanguage":"sr-RS","@id":"https:\/\/kaleidoskopkulture.com\/sr\/#\/schema\/logo\/image\/","url":"https:\/\/kaleidoskopkulture.com\/wp-content\/uploads\/2022\/08\/cropped-kk-logo-1-1.png","contentUrl":"https:\/\/kaleidoskopkulture.com\/wp-content\/uploads\/2022\/08\/cropped-kk-logo-1-1.png","width":260,"height":90,"caption":"Kaleidoskop kulture"},"image":{"@id":"https:\/\/kaleidoskopkulture.com\/sr\/#\/schema\/logo\/image\/"}},{"@type":"Person","@id":"https:\/\/kaleidoskopkulture.com\/sr\/#\/schema\/person\/0d8d753b697d706199f9ad6795577075","name":"Jasmina Toma\u0161evi\u0107","image":{"@type":"ImageObject","inLanguage":"sr-RS","@id":"https:\/\/kaleidoskopkulture.com\/sr\/#\/schema\/person\/image\/","url":"https:\/\/secure.gravatar.com\/avatar\/d2e726a2a0cc0212782f6b85597f58c9?s=96&d=mm&r=g","contentUrl":"https:\/\/secure.gravatar.com\/avatar\/d2e726a2a0cc0212782f6b85597f58c9?s=96&d=mm&r=g","caption":"Jasmina Toma\u0161evi\u0107"}}]}},"_links":{"self":[{"href":"https:\/\/kaleidoskopkulture.com\/sr\/wp-json\/wp\/v2\/posts\/9319","targetHints":{"allow":["GET"]}}],"collection":[{"href":"https:\/\/kaleidoskopkulture.com\/sr\/wp-json\/wp\/v2\/posts"}],"about":[{"href":"https:\/\/kaleidoskopkulture.com\/sr\/wp-json\/wp\/v2\/types\/post"}],"author":[{"embeddable":true,"href":"https:\/\/kaleidoskopkulture.com\/sr\/wp-json\/wp\/v2\/users\/10"}],"replies":[{"embeddable":true,"href":"https:\/\/kaleidoskopkulture.com\/sr\/wp-json\/wp\/v2\/comments?post=9319"}],"version-history":[{"count":8,"href":"https:\/\/kaleidoskopkulture.com\/sr\/wp-json\/wp\/v2\/posts\/9319\/revisions"}],"predecessor-version":[{"id":9739,"href":"https:\/\/kaleidoskopkulture.com\/sr\/wp-json\/wp\/v2\/posts\/9319\/revisions\/9739"}],"wp:featuredmedia":[{"embeddable":true,"href":"https:\/\/kaleidoskopkulture.com\/sr\/wp-json\/wp\/v2\/media\/9248"}],"wp:attachment":[{"href":"https:\/\/kaleidoskopkulture.com\/sr\/wp-json\/wp\/v2\/media?parent=9319"}],"wp:term":[{"taxonomy":"category","embeddable":true,"href":"https:\/\/kaleidoskopkulture.com\/sr\/wp-json\/wp\/v2\/categories?post=9319"},{"taxonomy":"post_tag","embeddable":true,"href":"https:\/\/kaleidoskopkulture.com\/sr\/wp-json\/wp\/v2\/tags?post=9319"}],"curies":[{"name":"wp","href":"https:\/\/api.w.org\/{rel}","templated":true}]}}