{"id":8476,"date":"2022-09-16T12:02:17","date_gmt":"2022-09-16T10:02:17","guid":{"rendered":"https:\/\/kaleidoskopkulture.com\/?p=8476"},"modified":"2022-09-16T16:21:22","modified_gmt":"2022-09-16T14:21:22","slug":"novi-sad-od-vikenda-pretvoren-u-grad-knjige","status":"publish","type":"post","link":"https:\/\/kaleidoskopkulture.com\/sr\/novi-sad-od-vikenda-pretvoren-u-grad-knjige\/","title":{"rendered":"Novi Sad od vikenda pretvoren u Grad knjige"},"content":{"rendered":"<p><strong><a href=\"https:\/\/novisad2022.rs\/rs\/pocetna\/\">Evropska prestonica kulture<\/a><\/strong> ovog vikenda postaje centar pisane re\u010di, okupljaju\u0107i evropske, regionalne i doma\u0107e autore i autorke, jer aktuelni <strong>Kaleidoskop kulture<\/strong> ulazi u svoju tre\u0107u nedelju, posve\u0107enu knji\u017eevnosti. Doga\u0111aj koji otvara nedelju knji\u017eevnosti 17. i 18. septembra jeste <strong><a href=\"https:\/\/kalendar.novisad2022.rs\/events\/podgradje-nedelja-knjizevnosti\/\">Grad knjige<\/a><\/strong>, koji je ovog puta, zbog najavljenih nepogodnih vremenskih prilika, preme\u0161ten iz Podgra\u0111a Petrovaradinske tvr\u0111ave, gde se ve\u0107 dve godine odr\u017eava, u zatvoreni prostor <strong>SPENS-a<\/strong>. <strong>Ulaz na sve doga\u0111aje je slobodan.<\/strong><\/p>\n<p>Na glavnoj sceni, ispred Gradske kafane, prvog dana, predstavi\u0107e se jedan od najzna\u010dajnijih knji\u017eevnika <strong>Laslo Vegel<\/strong>,\u00a0a publika \u0107e slu\u0161ati i crnogorske komi\u010dare <em><strong>The Books of Knjige<\/strong><\/em>. U nedelju, 18. septembra, na istu scenu sti\u017eu dobitnik NIN-ove nagrade <strong>Vladimir Pi\u0161talo<\/strong>, jedna od naj\u010ditanijih regionalnih knji\u017eevnica <strong>Vedrana Rudan<\/strong>, mladi autor <strong>Aleksandar Tanurd\u017ei\u0107<\/strong>, dizajner, vizuelni umetnik i pisac <strong>Slavimir Stojanovi\u0107 Futro<\/strong>, kao i velikanka srpskog glumi\u0161ta, <strong>Svetlana Ceca Bojkovi\u0107<\/strong> i drugi.<\/p>\n<p>Na\u017ealost\u00a0promocija knjige <strong><a href=\"https:\/\/kalendar.novisad2022.rs\/events\/sanja-savic-milosavljevic-podgradje\/\">\u201eNeo\u0161trine\u201d Sanje Savi\u0107 Milosavljevi\u0107<\/a><\/strong> otkazana je zbog bolesti knji\u017eevnice.<\/p>\n<p><img fetchpriority=\"high\" decoding=\"async\" class=\"alignnone size-full wp-image-8278\" src=\"https:\/\/kaleidoskopkulture.com\/wp-content\/uploads\/2022\/09\/Laslo-Vegel.jpg\" alt=\"\" width=\"1600\" height=\"1067\" srcset=\"https:\/\/kaleidoskopkulture.com\/wp-content\/uploads\/2022\/09\/Laslo-Vegel.jpg 1600w, https:\/\/kaleidoskopkulture.com\/wp-content\/uploads\/2022\/09\/Laslo-Vegel-300x200.jpg 300w, https:\/\/kaleidoskopkulture.com\/wp-content\/uploads\/2022\/09\/Laslo-Vegel-1024x683.jpg 1024w, https:\/\/kaleidoskopkulture.com\/wp-content\/uploads\/2022\/09\/Laslo-Vegel-768x512.jpg 768w, https:\/\/kaleidoskopkulture.com\/wp-content\/uploads\/2022\/09\/Laslo-Vegel-1536x1024.jpg 1536w\" sizes=\"(max-width: 1600px) 100vw, 1600px\" \/><\/p>\n<p>Knji\u017eevni doga\u0111aj po kom je Novi Sad stao rame uz rame sa evropskim gradovima \u2014 <strong>No\u0107 knji\u017eevnosti<\/strong>, koji se tre\u0107u godinu zaredom odr\u017eava u okviru Kaleidoskopa kulture, okupi\u0107e autore i autorke iz osam zemalja, u razli\u010ditim objektima u prizemlju SPENS-a. Pod pokroviteljstvom EUNIC-a, u No\u0107i knji\u017eevnosti u Novom Sadu predstavi\u0107e se slede\u0107i autori: <em>Rosella Postorino<\/em> (Italija), <em>Radu Pavel Gheo<\/em> (Rumunija), Ljuba Arnautovi\u0107 (Austrija), Stevan Bradi\u0107 (Srbija), <em>Ben Clark<\/em> (\u0160panija), <em>Cornelia H\u00fclmbauer<\/em> (Austrija), <em>Sophie Daull<\/em> (Francuska) i Nata\u0161a Kramberger (Slovenija).<\/p>\n<h4>Opro\u0161tajni koncert \u010duvenog La\u010dnog Franza, monodrama velikog Petra Bo\u017eovi\u0107a i filmski klasik iz 1946.<\/h4>\n<p>Grad knjige, iako prvenstveno usmeren na knji\u017eevnost, akcenat stavlja i na izvo\u0111a\u010dku umetnost i to uz velika imena. Prvog dana, \u010duveni slovena\u010dki bend <strong>La\u010dni Franz<\/strong> predvo\u0111en <strong>Zoranom Predinom<\/strong> zapo\u010de\u0107e svoju turu opro\u0161tajnih koncerata u Srbiji i to ba\u0161 u Novom Sadu. Uz veliko ime s muzi\u010dke scene, 17. septembra sti\u017ee i veliko ime teatra, a to je legendarni <strong>Petar Bo\u017eovi\u0107<\/strong> i njegova monodrama \u201eRe\u010de mi jedan \u010doek, \u0107era\u0107emo se jo\u0161, kad budem mla\u0111i\u201d. Grad knjige upotpuni\u0107e i projekcija filmskog klasika <em>Franka Capre<\/em> iz 1946. godine <em><strong>\u201eIt\u2019s a Wonderful Life\u201d<\/strong><\/em>, koji je Ameri\u010dki filmski institut uvrstio me\u0111u 100 najboljih filmova ikad snimljenih.<\/p>\n<p><img decoding=\"async\" class=\"alignnone size-full wp-image-8481\" src=\"https:\/\/kaleidoskopkulture.com\/wp-content\/uploads\/2022\/09\/SIF_3421-scaled-1.jpg\" alt=\"\" width=\"1704\" height=\"1278\" srcset=\"https:\/\/kaleidoskopkulture.com\/wp-content\/uploads\/2022\/09\/SIF_3421-scaled-1.jpg 1704w, https:\/\/kaleidoskopkulture.com\/wp-content\/uploads\/2022\/09\/SIF_3421-scaled-1-300x225.jpg 300w, https:\/\/kaleidoskopkulture.com\/wp-content\/uploads\/2022\/09\/SIF_3421-scaled-1-1024x768.jpg 1024w, https:\/\/kaleidoskopkulture.com\/wp-content\/uploads\/2022\/09\/SIF_3421-scaled-1-768x576.jpg 768w, https:\/\/kaleidoskopkulture.com\/wp-content\/uploads\/2022\/09\/SIF_3421-scaled-1-1536x1152.jpg 1536w\" sizes=\"(max-width: 1704px) 100vw, 1704px\" \/><\/p>\n<h4>Program za najmla\u0111e otvara Grad knjige<\/h4>\n<p>Program \u0107e oba dana vikenda otvoriti sadr\u017eaji za najmla\u0111e i to ve\u0107 od 15 \u010dasova. U subotu, 17. septembra, decu i njihove roditelje o\u010dekuje jedan od na\u0161ih najve\u0107ih glumaca <strong>Vojislav Voja Brajovi\u0107<\/strong>, <strong>hor \u201e\u010carolija\u201d<\/strong> pod dirigentskom palicom <strong>Leontine<\/strong>, <strong>de\u010diji hor \u201eZvon\u010di\u0107i\u201d<\/strong>, kao i drugi programi. Drugog dana, 18. septembra, glumac <strong>Zijah Sokolovi\u0107<\/strong> \u010dita\u0107e bajke, a sti\u017ee i \u010duveni <strong>de\u010diji hor \u201eKolibri\u201d<\/strong>, kao i Udru\u017eenje umetnika \u201eVisoko C\u201d koje \u0107e izvesti <strong>opere za decu<\/strong>, i drugi.<\/p>\n<p><img decoding=\"async\" class=\"alignnone size-full wp-image-8479\" src=\"https:\/\/kaleidoskopkulture.com\/wp-content\/uploads\/2022\/09\/Kolibri-1-foto-Nebojsa-Babic-1.jpg\" alt=\"\" width=\"1935\" height=\"1291\" srcset=\"https:\/\/kaleidoskopkulture.com\/wp-content\/uploads\/2022\/09\/Kolibri-1-foto-Nebojsa-Babic-1.jpg 1935w, https:\/\/kaleidoskopkulture.com\/wp-content\/uploads\/2022\/09\/Kolibri-1-foto-Nebojsa-Babic-1-300x200.jpg 300w, https:\/\/kaleidoskopkulture.com\/wp-content\/uploads\/2022\/09\/Kolibri-1-foto-Nebojsa-Babic-1-1024x683.jpg 1024w, https:\/\/kaleidoskopkulture.com\/wp-content\/uploads\/2022\/09\/Kolibri-1-foto-Nebojsa-Babic-1-768x512.jpg 768w, https:\/\/kaleidoskopkulture.com\/wp-content\/uploads\/2022\/09\/Kolibri-1-foto-Nebojsa-Babic-1-1536x1025.jpg 1536w\" sizes=\"(max-width: 1935px) 100vw, 1935px\" \/><\/p>\n<p>Nedelja knji\u017eevnosti traja\u0107e do 23. septembra i obuhvati\u0107e vi\u0161e od 20 doga\u0111aja po \u010ditavom Novom Sadu.<\/p>\n<p>Kaleidoskop kulture traje do 7. oktobra, a nakon <a href=\"https:\/\/kaleidoskopkulture.com\/sr\/kaleidoskop-kalendar-nedelja-knjizevnosti\/\"><strong>nedelje knji\u017eevnosti<\/strong><\/a> po\u010dinje <a href=\"https:\/\/kaleidoskopkulture.com\/sr\/kaleidoskop-kalendar-nedelja-vizulene-umetnosti\/\"><strong>nedelja vizuelne<\/strong><\/a> i, na kraju, <a href=\"https:\/\/kaleidoskopkulture.com\/sr\/kaleidoskop-kalendar-nedelja-primenjene-umetnosti\/\"><strong>nedelja primenjene umetnosti<\/strong><\/a>.<\/p>\n<p>Partneri Kaleidoskopa kulture su<a href=\"https:\/\/www.erstebank.rs\/sr\/Stanovnistvo\">\u00a0Erste banka<\/a>,<a href=\"https:\/\/www.idea.rs\/\">\u00a0IDEA<\/a>,\u00a0<a href=\"https:\/\/www.ddor.rs\/\">DDOR osiguranje,<\/a>\u00a0<a href=\"https:\/\/a1.rs\/privatni\">A1 Srbija<\/a>\u00a0i\u00a0<a href=\"http:\/\/www.heinekensrbija.rs\/home.761.html\">Heineken Srbija<\/a>.<\/p>\n<p><em>Foto: Neboj\u0161a Babi\u0107, Vladimir Veli\u010dkovi\u0107, Promo<\/em><\/p>\n","protected":false},"excerpt":{"rendered":"<p>Evropska prestonica kulture ovog vikenda postaje centar pisane re\u010di, okupljaju\u0107i evropske, regionalne i doma\u0107e autore i autorke, jer aktuelni Kaleidoskop kulture ulazi u svoju tre\u0107u nedelju, posve\u0107enu knji\u017eevnosti. Doga\u0111aj koji otvara nedelju knji\u017eevnosti 17. i 18. septembra jeste Grad knjige,&#8230;<\/p>\n","protected":false},"author":10,"featured_media":8477,"comment_status":"closed","ping_status":"closed","sticky":false,"template":"","format":"standard","meta":{"footnotes":""},"categories":[25,406],"tags":[],"class_list":["post-8476","post","type-post","status-publish","format-standard","has-post-thumbnail","hentry","category-aktuelno","category-kaleidoskop-kulture-2022"],"yoast_head":"<!-- This site is optimized with the Yoast SEO plugin v22.4 - https:\/\/yoast.com\/wordpress\/plugins\/seo\/ -->\n<title>Novi Sad od vikenda pretvoren u Grad knjige<\/title>\n<meta name=\"description\" content=\"Grad knjige \u0107e tokom 17. i 18. septembra, na SPENS-u, ponuditi gotovo 50 programa od kojih mnogi odstupaju od ustaljenih na\u010dina knji\u017eevnih promocija.\" \/>\n<meta name=\"robots\" content=\"index, follow, max-snippet:-1, max-image-preview:large, max-video-preview:-1\" \/>\n<link rel=\"canonical\" href=\"https:\/\/kaleidoskopkulture.com\/sr\/novi-sad-od-vikenda-pretvoren-u-grad-knjige\/\" \/>\n<meta property=\"og:locale\" content=\"sr_RS\" \/>\n<meta property=\"og:type\" content=\"article\" \/>\n<meta property=\"og:title\" content=\"Novi Sad od vikenda pretvoren u Grad knjige\" \/>\n<meta property=\"og:description\" content=\"Grad knjige \u0107e tokom 17. i 18. septembra, na SPENS-u, ponuditi gotovo 50 programa od kojih mnogi odstupaju od ustaljenih na\u010dina knji\u017eevnih promocija.\" \/>\n<meta property=\"og:url\" content=\"https:\/\/kaleidoskopkulture.com\/sr\/novi-sad-od-vikenda-pretvoren-u-grad-knjige\/\" \/>\n<meta property=\"og:site_name\" content=\"Kaleidoskop kulture\" \/>\n<meta property=\"article:published_time\" content=\"2022-09-16T10:02:17+00:00\" \/>\n<meta property=\"article:modified_time\" content=\"2022-09-16T14:21:22+00:00\" \/>\n<meta property=\"og:image\" content=\"https:\/\/kaleidoskopkulture.com\/wp-content\/uploads\/2022\/09\/Spens-V.Velickovic.015-scaled.jpg\" \/>\n\t<meta property=\"og:image:width\" content=\"2560\" \/>\n\t<meta property=\"og:image:height\" content=\"1707\" \/>\n\t<meta property=\"og:image:type\" content=\"image\/jpeg\" \/>\n<meta name=\"author\" content=\"Jasmina Toma\u0161evi\u0107\" \/>\n<meta name=\"twitter:card\" content=\"summary_large_image\" \/>\n<meta name=\"twitter:label1\" content=\"Napisano od\" \/>\n\t<meta name=\"twitter:data1\" content=\"Jasmina Toma\u0161evi\u0107\" \/>\n\t<meta name=\"twitter:label2\" content=\"Procenjeno vreme \u010ditanja\" \/>\n\t<meta name=\"twitter:data2\" content=\"3 minuta\" \/>\n<script type=\"application\/ld+json\" class=\"yoast-schema-graph\">{\"@context\":\"https:\/\/schema.org\",\"@graph\":[{\"@type\":\"Article\",\"@id\":\"https:\/\/kaleidoskopkulture.com\/sr\/novi-sad-od-vikenda-pretvoren-u-grad-knjige\/#article\",\"isPartOf\":{\"@id\":\"https:\/\/kaleidoskopkulture.com\/sr\/novi-sad-od-vikenda-pretvoren-u-grad-knjige\/\"},\"author\":{\"name\":\"Jasmina Toma\u0161evi\u0107\",\"@id\":\"https:\/\/kaleidoskopkulture.com\/sr\/#\/schema\/person\/0d8d753b697d706199f9ad6795577075\"},\"headline\":\"Novi Sad od vikenda pretvoren u Grad knjige\",\"datePublished\":\"2022-09-16T10:02:17+00:00\",\"dateModified\":\"2022-09-16T14:21:22+00:00\",\"mainEntityOfPage\":{\"@id\":\"https:\/\/kaleidoskopkulture.com\/sr\/novi-sad-od-vikenda-pretvoren-u-grad-knjige\/\"},\"wordCount\":560,\"publisher\":{\"@id\":\"https:\/\/kaleidoskopkulture.com\/sr\/#organization\"},\"image\":{\"@id\":\"https:\/\/kaleidoskopkulture.com\/sr\/novi-sad-od-vikenda-pretvoren-u-grad-knjige\/#primaryimage\"},\"thumbnailUrl\":\"https:\/\/kaleidoskopkulture.com\/wp-content\/uploads\/2022\/09\/Spens-V.Velickovic.015-scaled.jpg\",\"articleSection\":[\"Aktuelno\",\"Kaleidoskop kulture 2022.\"],\"inLanguage\":\"sr-RS\"},{\"@type\":\"WebPage\",\"@id\":\"https:\/\/kaleidoskopkulture.com\/sr\/novi-sad-od-vikenda-pretvoren-u-grad-knjige\/\",\"url\":\"https:\/\/kaleidoskopkulture.com\/sr\/novi-sad-od-vikenda-pretvoren-u-grad-knjige\/\",\"name\":\"Novi Sad od vikenda pretvoren u Grad knjige\",\"isPartOf\":{\"@id\":\"https:\/\/kaleidoskopkulture.com\/sr\/#website\"},\"primaryImageOfPage\":{\"@id\":\"https:\/\/kaleidoskopkulture.com\/sr\/novi-sad-od-vikenda-pretvoren-u-grad-knjige\/#primaryimage\"},\"image\":{\"@id\":\"https:\/\/kaleidoskopkulture.com\/sr\/novi-sad-od-vikenda-pretvoren-u-grad-knjige\/#primaryimage\"},\"thumbnailUrl\":\"https:\/\/kaleidoskopkulture.com\/wp-content\/uploads\/2022\/09\/Spens-V.Velickovic.015-scaled.jpg\",\"datePublished\":\"2022-09-16T10:02:17+00:00\",\"dateModified\":\"2022-09-16T14:21:22+00:00\",\"description\":\"Grad knjige \u0107e tokom 17. i 18. septembra, na SPENS-u, ponuditi gotovo 50 programa od kojih mnogi odstupaju od ustaljenih na\u010dina knji\u017eevnih promocija.\",\"breadcrumb\":{\"@id\":\"https:\/\/kaleidoskopkulture.com\/sr\/novi-sad-od-vikenda-pretvoren-u-grad-knjige\/#breadcrumb\"},\"inLanguage\":\"sr-RS\",\"potentialAction\":[{\"@type\":\"ReadAction\",\"target\":[\"https:\/\/kaleidoskopkulture.com\/sr\/novi-sad-od-vikenda-pretvoren-u-grad-knjige\/\"]}]},{\"@type\":\"ImageObject\",\"inLanguage\":\"sr-RS\",\"@id\":\"https:\/\/kaleidoskopkulture.com\/sr\/novi-sad-od-vikenda-pretvoren-u-grad-knjige\/#primaryimage\",\"url\":\"https:\/\/kaleidoskopkulture.com\/wp-content\/uploads\/2022\/09\/Spens-V.Velickovic.015-scaled.jpg\",\"contentUrl\":\"https:\/\/kaleidoskopkulture.com\/wp-content\/uploads\/2022\/09\/Spens-V.Velickovic.015-scaled.jpg\",\"width\":2560,\"height\":1707},{\"@type\":\"BreadcrumbList\",\"@id\":\"https:\/\/kaleidoskopkulture.com\/sr\/novi-sad-od-vikenda-pretvoren-u-grad-knjige\/#breadcrumb\",\"itemListElement\":[{\"@type\":\"ListItem\",\"position\":1,\"name\":\"Home\",\"item\":\"https:\/\/kaleidoskopkulture.com\/sr\/\"},{\"@type\":\"ListItem\",\"position\":2,\"name\":\"Novi Sad od vikenda pretvoren u Grad knjige\"}]},{\"@type\":\"WebSite\",\"@id\":\"https:\/\/kaleidoskopkulture.com\/sr\/#website\",\"url\":\"https:\/\/kaleidoskopkulture.com\/sr\/\",\"name\":\"Kaleidoskop kulture\",\"description\":\"Novo lice kulture u Novom Sadu\",\"publisher\":{\"@id\":\"https:\/\/kaleidoskopkulture.com\/sr\/#organization\"},\"potentialAction\":[{\"@type\":\"SearchAction\",\"target\":{\"@type\":\"EntryPoint\",\"urlTemplate\":\"https:\/\/kaleidoskopkulture.com\/sr\/?s={search_term_string}\"},\"query-input\":\"required name=search_term_string\"}],\"inLanguage\":\"sr-RS\"},{\"@type\":\"Organization\",\"@id\":\"https:\/\/kaleidoskopkulture.com\/sr\/#organization\",\"name\":\"Kaleidoskop kulture\",\"url\":\"https:\/\/kaleidoskopkulture.com\/sr\/\",\"logo\":{\"@type\":\"ImageObject\",\"inLanguage\":\"sr-RS\",\"@id\":\"https:\/\/kaleidoskopkulture.com\/sr\/#\/schema\/logo\/image\/\",\"url\":\"https:\/\/kaleidoskopkulture.com\/wp-content\/uploads\/2022\/08\/cropped-kk-logo-1-1.png\",\"contentUrl\":\"https:\/\/kaleidoskopkulture.com\/wp-content\/uploads\/2022\/08\/cropped-kk-logo-1-1.png\",\"width\":260,\"height\":90,\"caption\":\"Kaleidoskop kulture\"},\"image\":{\"@id\":\"https:\/\/kaleidoskopkulture.com\/sr\/#\/schema\/logo\/image\/\"}},{\"@type\":\"Person\",\"@id\":\"https:\/\/kaleidoskopkulture.com\/sr\/#\/schema\/person\/0d8d753b697d706199f9ad6795577075\",\"name\":\"Jasmina Toma\u0161evi\u0107\",\"image\":{\"@type\":\"ImageObject\",\"inLanguage\":\"sr-RS\",\"@id\":\"https:\/\/kaleidoskopkulture.com\/sr\/#\/schema\/person\/image\/\",\"url\":\"https:\/\/secure.gravatar.com\/avatar\/d2e726a2a0cc0212782f6b85597f58c9?s=96&d=mm&r=g\",\"contentUrl\":\"https:\/\/secure.gravatar.com\/avatar\/d2e726a2a0cc0212782f6b85597f58c9?s=96&d=mm&r=g\",\"caption\":\"Jasmina Toma\u0161evi\u0107\"}}]}<\/script>\n<!-- \/ Yoast SEO plugin. -->","yoast_head_json":{"title":"Novi Sad od vikenda pretvoren u Grad knjige","description":"Grad knjige \u0107e tokom 17. i 18. septembra, na SPENS-u, ponuditi gotovo 50 programa od kojih mnogi odstupaju od ustaljenih na\u010dina knji\u017eevnih promocija.","robots":{"index":"index","follow":"follow","max-snippet":"max-snippet:-1","max-image-preview":"max-image-preview:large","max-video-preview":"max-video-preview:-1"},"canonical":"https:\/\/kaleidoskopkulture.com\/sr\/novi-sad-od-vikenda-pretvoren-u-grad-knjige\/","og_locale":"sr_RS","og_type":"article","og_title":"Novi Sad od vikenda pretvoren u Grad knjige","og_description":"Grad knjige \u0107e tokom 17. i 18. septembra, na SPENS-u, ponuditi gotovo 50 programa od kojih mnogi odstupaju od ustaljenih na\u010dina knji\u017eevnih promocija.","og_url":"https:\/\/kaleidoskopkulture.com\/sr\/novi-sad-od-vikenda-pretvoren-u-grad-knjige\/","og_site_name":"Kaleidoskop kulture","article_published_time":"2022-09-16T10:02:17+00:00","article_modified_time":"2022-09-16T14:21:22+00:00","og_image":[{"width":2560,"height":1707,"url":"https:\/\/kaleidoskopkulture.com\/wp-content\/uploads\/2022\/09\/Spens-V.Velickovic.015-scaled.jpg","type":"image\/jpeg"}],"author":"Jasmina Toma\u0161evi\u0107","twitter_card":"summary_large_image","twitter_misc":{"Napisano od":"Jasmina Toma\u0161evi\u0107","Procenjeno vreme \u010ditanja":"3 minuta"},"schema":{"@context":"https:\/\/schema.org","@graph":[{"@type":"Article","@id":"https:\/\/kaleidoskopkulture.com\/sr\/novi-sad-od-vikenda-pretvoren-u-grad-knjige\/#article","isPartOf":{"@id":"https:\/\/kaleidoskopkulture.com\/sr\/novi-sad-od-vikenda-pretvoren-u-grad-knjige\/"},"author":{"name":"Jasmina Toma\u0161evi\u0107","@id":"https:\/\/kaleidoskopkulture.com\/sr\/#\/schema\/person\/0d8d753b697d706199f9ad6795577075"},"headline":"Novi Sad od vikenda pretvoren u Grad knjige","datePublished":"2022-09-16T10:02:17+00:00","dateModified":"2022-09-16T14:21:22+00:00","mainEntityOfPage":{"@id":"https:\/\/kaleidoskopkulture.com\/sr\/novi-sad-od-vikenda-pretvoren-u-grad-knjige\/"},"wordCount":560,"publisher":{"@id":"https:\/\/kaleidoskopkulture.com\/sr\/#organization"},"image":{"@id":"https:\/\/kaleidoskopkulture.com\/sr\/novi-sad-od-vikenda-pretvoren-u-grad-knjige\/#primaryimage"},"thumbnailUrl":"https:\/\/kaleidoskopkulture.com\/wp-content\/uploads\/2022\/09\/Spens-V.Velickovic.015-scaled.jpg","articleSection":["Aktuelno","Kaleidoskop kulture 2022."],"inLanguage":"sr-RS"},{"@type":"WebPage","@id":"https:\/\/kaleidoskopkulture.com\/sr\/novi-sad-od-vikenda-pretvoren-u-grad-knjige\/","url":"https:\/\/kaleidoskopkulture.com\/sr\/novi-sad-od-vikenda-pretvoren-u-grad-knjige\/","name":"Novi Sad od vikenda pretvoren u Grad knjige","isPartOf":{"@id":"https:\/\/kaleidoskopkulture.com\/sr\/#website"},"primaryImageOfPage":{"@id":"https:\/\/kaleidoskopkulture.com\/sr\/novi-sad-od-vikenda-pretvoren-u-grad-knjige\/#primaryimage"},"image":{"@id":"https:\/\/kaleidoskopkulture.com\/sr\/novi-sad-od-vikenda-pretvoren-u-grad-knjige\/#primaryimage"},"thumbnailUrl":"https:\/\/kaleidoskopkulture.com\/wp-content\/uploads\/2022\/09\/Spens-V.Velickovic.015-scaled.jpg","datePublished":"2022-09-16T10:02:17+00:00","dateModified":"2022-09-16T14:21:22+00:00","description":"Grad knjige \u0107e tokom 17. i 18. septembra, na SPENS-u, ponuditi gotovo 50 programa od kojih mnogi odstupaju od ustaljenih na\u010dina knji\u017eevnih promocija.","breadcrumb":{"@id":"https:\/\/kaleidoskopkulture.com\/sr\/novi-sad-od-vikenda-pretvoren-u-grad-knjige\/#breadcrumb"},"inLanguage":"sr-RS","potentialAction":[{"@type":"ReadAction","target":["https:\/\/kaleidoskopkulture.com\/sr\/novi-sad-od-vikenda-pretvoren-u-grad-knjige\/"]}]},{"@type":"ImageObject","inLanguage":"sr-RS","@id":"https:\/\/kaleidoskopkulture.com\/sr\/novi-sad-od-vikenda-pretvoren-u-grad-knjige\/#primaryimage","url":"https:\/\/kaleidoskopkulture.com\/wp-content\/uploads\/2022\/09\/Spens-V.Velickovic.015-scaled.jpg","contentUrl":"https:\/\/kaleidoskopkulture.com\/wp-content\/uploads\/2022\/09\/Spens-V.Velickovic.015-scaled.jpg","width":2560,"height":1707},{"@type":"BreadcrumbList","@id":"https:\/\/kaleidoskopkulture.com\/sr\/novi-sad-od-vikenda-pretvoren-u-grad-knjige\/#breadcrumb","itemListElement":[{"@type":"ListItem","position":1,"name":"Home","item":"https:\/\/kaleidoskopkulture.com\/sr\/"},{"@type":"ListItem","position":2,"name":"Novi Sad od vikenda pretvoren u Grad knjige"}]},{"@type":"WebSite","@id":"https:\/\/kaleidoskopkulture.com\/sr\/#website","url":"https:\/\/kaleidoskopkulture.com\/sr\/","name":"Kaleidoskop kulture","description":"Novo lice kulture u Novom Sadu","publisher":{"@id":"https:\/\/kaleidoskopkulture.com\/sr\/#organization"},"potentialAction":[{"@type":"SearchAction","target":{"@type":"EntryPoint","urlTemplate":"https:\/\/kaleidoskopkulture.com\/sr\/?s={search_term_string}"},"query-input":"required name=search_term_string"}],"inLanguage":"sr-RS"},{"@type":"Organization","@id":"https:\/\/kaleidoskopkulture.com\/sr\/#organization","name":"Kaleidoskop kulture","url":"https:\/\/kaleidoskopkulture.com\/sr\/","logo":{"@type":"ImageObject","inLanguage":"sr-RS","@id":"https:\/\/kaleidoskopkulture.com\/sr\/#\/schema\/logo\/image\/","url":"https:\/\/kaleidoskopkulture.com\/wp-content\/uploads\/2022\/08\/cropped-kk-logo-1-1.png","contentUrl":"https:\/\/kaleidoskopkulture.com\/wp-content\/uploads\/2022\/08\/cropped-kk-logo-1-1.png","width":260,"height":90,"caption":"Kaleidoskop kulture"},"image":{"@id":"https:\/\/kaleidoskopkulture.com\/sr\/#\/schema\/logo\/image\/"}},{"@type":"Person","@id":"https:\/\/kaleidoskopkulture.com\/sr\/#\/schema\/person\/0d8d753b697d706199f9ad6795577075","name":"Jasmina Toma\u0161evi\u0107","image":{"@type":"ImageObject","inLanguage":"sr-RS","@id":"https:\/\/kaleidoskopkulture.com\/sr\/#\/schema\/person\/image\/","url":"https:\/\/secure.gravatar.com\/avatar\/d2e726a2a0cc0212782f6b85597f58c9?s=96&d=mm&r=g","contentUrl":"https:\/\/secure.gravatar.com\/avatar\/d2e726a2a0cc0212782f6b85597f58c9?s=96&d=mm&r=g","caption":"Jasmina Toma\u0161evi\u0107"}}]}},"_links":{"self":[{"href":"https:\/\/kaleidoskopkulture.com\/sr\/wp-json\/wp\/v2\/posts\/8476","targetHints":{"allow":["GET"]}}],"collection":[{"href":"https:\/\/kaleidoskopkulture.com\/sr\/wp-json\/wp\/v2\/posts"}],"about":[{"href":"https:\/\/kaleidoskopkulture.com\/sr\/wp-json\/wp\/v2\/types\/post"}],"author":[{"embeddable":true,"href":"https:\/\/kaleidoskopkulture.com\/sr\/wp-json\/wp\/v2\/users\/10"}],"replies":[{"embeddable":true,"href":"https:\/\/kaleidoskopkulture.com\/sr\/wp-json\/wp\/v2\/comments?post=8476"}],"version-history":[{"count":5,"href":"https:\/\/kaleidoskopkulture.com\/sr\/wp-json\/wp\/v2\/posts\/8476\/revisions"}],"predecessor-version":[{"id":8507,"href":"https:\/\/kaleidoskopkulture.com\/sr\/wp-json\/wp\/v2\/posts\/8476\/revisions\/8507"}],"wp:featuredmedia":[{"embeddable":true,"href":"https:\/\/kaleidoskopkulture.com\/sr\/wp-json\/wp\/v2\/media\/8477"}],"wp:attachment":[{"href":"https:\/\/kaleidoskopkulture.com\/sr\/wp-json\/wp\/v2\/media?parent=8476"}],"wp:term":[{"taxonomy":"category","embeddable":true,"href":"https:\/\/kaleidoskopkulture.com\/sr\/wp-json\/wp\/v2\/categories?post=8476"},{"taxonomy":"post_tag","embeddable":true,"href":"https:\/\/kaleidoskopkulture.com\/sr\/wp-json\/wp\/v2\/tags?post=8476"}],"curies":[{"name":"wp","href":"https:\/\/api.w.org\/{rel}","templated":true}]}}