{"id":8256,"date":"2022-09-07T14:13:51","date_gmt":"2022-09-07T12:13:51","guid":{"rendered":"https:\/\/kaleidoskopkulture.com\/?p=8256"},"modified":"2022-09-10T15:31:46","modified_gmt":"2022-09-10T13:31:46","slug":"jedinstveni-korzo-ponovo-stavlja-novi-sad-medju-evropske-metropole","status":"publish","type":"post","link":"https:\/\/kaleidoskopkulture.com\/sr\/jedinstveni-korzo-ponovo-stavlja-novi-sad-medju-evropske-metropole\/","title":{"rendered":"Jedinstveni Korzo ponovo stavlja Novi Sad me\u0111u evropske metropole"},"content":{"rendered":"<p>Koncert klasi\u010dne muzike na otvorenom, pod vedrim nebom, zahvaljuju\u0107i kom je Novi Sad stao rame uz rame sa evropskim metropolama \u2013 <a href=\"https:\/\/kaleidoskopkulture.com\/sr\/korzo-jedna-rec-za-koncert-klasicne-muzike-na-otvorenom\/\"><strong>Korzo<\/strong><\/a>, ponovo \u0107e okupiti velika muzi\u010dka imena. <strong>Ovoga puta slu\u0161a\u0107emo svetsku zvezdu klasi\u010dne muzike, violinistu i violistu Julijana Rahlina, uz Vojvo\u0111anski simfonijski orkestar, pod dirigentskom palicom Aleksandra Markovi\u0107a.<\/strong><\/p>\n<p><strong>Ulaz na koncert je slobodan, ali je broj mesta ograni\u010den i zato se mole ljubitelji muzike da svoje mesto zauzmu \u0161to ranije. Korzo mo\u017eete pratiti u\u017eivo na Prvom kanalu Radio-televizije Vojvodine.<\/strong><\/p>\n<p><iframe title=\"\u041a\u041e\u0420\u0417\u041e \/ \u041a\u0430\u043b\u0435\u0438\u0434\u043e\u0441\u043a\u043e\u043f \u043a\u0443\u043b\u0442\u0443\u0440\u0435 \/ \u041d\u0430\u0458\u0430\u0432\u0430\" width=\"640\" height=\"360\" src=\"https:\/\/www.youtube.com\/embed\/TkwDhFwP8v0?feature=oembed\" frameborder=\"0\" allow=\"accelerometer; autoplay; clipboard-write; encrypted-media; gyroscope; picture-in-picture; web-share\" referrerpolicy=\"strict-origin-when-cross-origin\" allowfullscreen><\/iframe><\/p>\n<p>&nbsp;<\/p>\n<p>U okviru petog Kaleidoskopa kulture, do sada najzna\u010dajnijeg izdanja ovog programskog luka <strong><a href=\"https:\/\/novisad2022.rs\/rs\/pocetna\/\">Evropske prestonice kulture<\/a><\/strong>, <strong>10. septembra sa simboli\u010dnim po\u010detkom u 20.22 \u010dasa<\/strong>, Korzo \u0107e ponovo zauzeti mesto najve\u0107eg umetni\u010dkog i produkcijskog poduhvata u nedelji izvo\u0111a\u010dke umetnosti i to na jednom od centralnih gradskih bulevara u Novom Sadu, <strong>Bulevaru Mihajla Pupina<\/strong>.<\/p>\n<p>Vrhunski muzi\u010dari i muzi\u010darke svetskog ranga izve\u0161\u0107e dela najve\u0107ih nema\u010dkih kompozitora <strong>Ludviga van Betovena<\/strong> i <strong>Johanesa Bramsa<\/strong>.<\/p>\n<p>Korzo je ve\u0107 petu godinu zaredom, od samog po\u010detka projekta, deo Kaleidoskopa kulture \u2013 najboljeg evropskog trend brenda u kulturi, a realizuje se sa idejom da izmesti klasi\u010dnu muziku iz koncertnih sala te tako pribli\u017ei ovu vrstu umetnosti svim sugra\u0111anima i sugra\u0111ankama.<\/p>\n<p>Saobra\u0107aj \u0107e od 8. septembra u 17 \u010dasova do 12. septembra u podne biti privremeno zatvoren u delu Bulevara Mihajla Pupina, od raskrsnice sa ulicom \u017darka Zrenjanina do raskrsnice sa ulicama Pionirskom i Jovana \u0110or\u0111evi\u0107a. Bi\u0107e zabranjeno parkiranje i saobra\u0107anje i na re\u017eijskoj saobra\u0107ajnici na Bulevaru Mihajla Pupina, od Pionirske ulice prema ulici Ignjata Pavlasa. Tako\u0111e, na snazi \u0107e biti privremena izmena trasa autobuskih linija 3, 3a, 6, 9, 9a, 60, 61, 62, 63, 64, 69, u oba smera\u00b9.<\/p>\n<div id='gallery-1' class='gallery galleryid-8256 gallery-columns-2 gallery-size-full'><figure class='gallery-item'>\n\t\t\t<div class='gallery-icon landscape'>\n\t\t\t\t<a href='https:\/\/kaleidoskopkulture.com\/sr\/julian_rachlin_by_evgeny_evtiukhov-2\/'><img fetchpriority=\"high\" decoding=\"async\" width=\"2560\" height=\"1707\" src=\"https:\/\/kaleidoskopkulture.com\/wp-content\/uploads\/2022\/08\/Julian_Rachlin_by_Evgeny_Evtiukhov-scaled.jpg\" class=\"attachment-full size-full\" alt=\"\" srcset=\"https:\/\/kaleidoskopkulture.com\/wp-content\/uploads\/2022\/08\/Julian_Rachlin_by_Evgeny_Evtiukhov-scaled.jpg 2560w, https:\/\/kaleidoskopkulture.com\/wp-content\/uploads\/2022\/08\/Julian_Rachlin_by_Evgeny_Evtiukhov-300x200.jpg 300w, https:\/\/kaleidoskopkulture.com\/wp-content\/uploads\/2022\/08\/Julian_Rachlin_by_Evgeny_Evtiukhov-1024x683.jpg 1024w, https:\/\/kaleidoskopkulture.com\/wp-content\/uploads\/2022\/08\/Julian_Rachlin_by_Evgeny_Evtiukhov-768x512.jpg 768w, https:\/\/kaleidoskopkulture.com\/wp-content\/uploads\/2022\/08\/Julian_Rachlin_by_Evgeny_Evtiukhov-1536x1024.jpg 1536w, https:\/\/kaleidoskopkulture.com\/wp-content\/uploads\/2022\/08\/Julian_Rachlin_by_Evgeny_Evtiukhov-2048x1366.jpg 2048w\" sizes=\"(max-width: 2560px) 100vw, 2560px\" \/><\/a>\n\t\t\t<\/div><\/figure><figure class='gallery-item'>\n\t\t\t<div class='gallery-icon landscape'>\n\t\t\t\t<a href='https:\/\/kaleidoskopkulture.com\/sr\/jedinstveni-korzo-ponovo-stavlja-novi-sad-medju-evropske-metropole\/korzo-foto-nsepk-j-ivanovic\/'><img decoding=\"async\" width=\"1000\" height=\"666\" src=\"https:\/\/kaleidoskopkulture.com\/wp-content\/uploads\/2022\/09\/Korzo-foto-NSEPK-J.-Ivanovic.jpg\" class=\"attachment-full size-full\" alt=\"\" srcset=\"https:\/\/kaleidoskopkulture.com\/wp-content\/uploads\/2022\/09\/Korzo-foto-NSEPK-J.-Ivanovic.jpg 1000w, https:\/\/kaleidoskopkulture.com\/wp-content\/uploads\/2022\/09\/Korzo-foto-NSEPK-J.-Ivanovic-300x200.jpg 300w, https:\/\/kaleidoskopkulture.com\/wp-content\/uploads\/2022\/09\/Korzo-foto-NSEPK-J.-Ivanovic-768x511.jpg 768w\" sizes=\"(max-width: 1000px) 100vw, 1000px\" \/><\/a>\n\t\t\t<\/div><\/figure>\n\t\t<\/div>\n\n<p>&nbsp;<\/p>\n<h4>Nedelja izvo\u0111a\u010dke umetnosti \u2013 od teatra do dokumentarca<\/h4>\n<p>Nakon velike uvertire u centru grada koja \u0107e, pored Korza 10. septembra, obuhvatiti i predstavu <strong><a href=\"https:\/\/kalendar.novisad2022.rs\/events\/gospodjica-julija-burg-teatar\/\">\u201eGospo\u0111ica Julija\u201d<\/a><\/strong> \u010duvenog be\u010dkog Burgteatra u Srpskom narodnom pozori\u0161tu, <strong><a href=\"https:\/\/kaleidoskopkulture.com\/sr\/kaleidoskop-kalendar-nedelja-izvodjacke-umetnosti\/\">nedelja izvo\u0111a\u010dke umetnosti<\/a> predstavi\u0107e oko 30 doga\u0111aja, na kojima \u0107e u\u010destvovati 180 umetnika i umetnica iz osam zemalja.<\/strong><\/p>\n<p>Od savremenih srpskih kompozitora, preko kamerne muzike, umetni\u010dkih projekata mladih umetnika i umetnica iz cele Srbije, odabranih na konkursu \u201eUmetnici. Sad!\u201d, pa sve do dokumentarnog filma \u2013 druga nedelja Kaleidoskopa kulture stavlja fokus na razli\u010dite oblike izvo\u0111a\u010dke umetnosti i to \u0161irom grada, a prevashodno u mre\u017ei kulturnih stanica.<\/p>\n<p>Kaleidoskop kulture traje do 7. oktobra, a nakon nedelje izvo\u0111a\u010dke umetnosti po\u010dinje <strong>nedelja knji\u017eevnosti<\/strong>, zatim <a href=\"https:\/\/kaleidoskopkulture.com\/sr\/kaleidoskop-kalendar-nedelja-vizulene-umetnosti\/\"><strong>nedelja vizuelne<\/strong><\/a> i, na kraju, <strong><a href=\"https:\/\/kaleidoskopkulture.com\/sr\/kaleidoskop-kalendar-nedelja-primenjene-umetnosti\/\">nedelja primenjene umetnosti<\/a><\/strong>.<\/p>\n<p>Partneri Kaleidoskopa kulture su<a href=\"https:\/\/www.erstebank.rs\/sr\/Stanovnistvo\">\u00a0Erste banka<\/a>,<a href=\"https:\/\/www.idea.rs\/\">\u00a0IDEA<\/a>,\u00a0<a href=\"https:\/\/www.ddor.rs\/\">DDOR osiguranje,<\/a>\u00a0<a href=\"https:\/\/a1.rs\/privatni\">A1 Srbija<\/a>\u00a0i\u00a0<a href=\"http:\/\/www.heinekensrbija.rs\/home.761.html\">Heineken Srbija<\/a>.<\/p>\n<p>&nbsp;<\/p>\n<p>1 Izmena trasa autobuskih linija:<\/p>\n<p>LINIJA BROJ 3: Smer sa Detelinare: Od raskrsnice Jevrejske i Uspenske ulice autobusi skre\u0107u desno u Jevrejsku ulicu, zatim levo na Bulevar oslobo\u0111enja, levo u Ulicu Maksima Gorkog, levo Kej \u017ertava racije, levo na Trg Neznanog junaka do Varadinskog mosta i dalje nastavljaju redovnom trasom kretanja (preko Varadinskog mosta). Smer iz Petrovaradina: Autobusi sa Varadinskog mosta skre\u0107u desno na Trg Neznanog junaka, desno na Beogradski kej, pravo Kejom \u017ertava racije, zatim desno u Ulicu Maksima Gorkog, desno na Bulevar oslobo\u0111enja, desno u Jevrejsku ulicu, levo u Uspensku ulicu i dalje nastavljaju redovnom trasom kretanja.<\/p>\n<p>LINIJA BROJ 3a: Smer sa \u017delezni\u010dke stanice: Od raskrsnice Bulevara oslobo\u0111enja i Jevrejske ulice autobusi saobra\u0107aju pravo Bulevarom oslobo\u0111enja, levo u Ulicu Maksima Gorkog, levo na Kej \u017ertava racije, levo na Trg Neznanog junaka do Varadinskor mosta i dalje nastavljaju redovnom trasom kretanja (preko Varadinskog mosta). Smer iz Petrovaradina: Autobusi sa Varadinskog mosta skre\u0107u desno na Trg Neznanog junaka, desno na Beogradski kej, pravo Kejom \u017ertava racije, zatim desno u Ulicu Maksima Gorkog, desno na Bulevar oslobo\u0111enja do raskrsnice sa Jevrejskom ulicom i dalje nastavljaju redovnom trasom kretanja.<\/p>\n<p>LINIJA BROJ 6: Smer sa Adica: Od raskrsnice Futo\u0161ke ulice i Bulevara oslobo\u0111enja autobusi saobra\u0107aju desno na Bulevar oslobo\u0111enja, levo u Ulicu Maksima Gorkog, levo na Kej \u017ertava racije do Beogradskog keja i dalje nastavljaju redovnom trasom kretanja. Smer sa Podbare: Autobusi sa Beogradskog keja nastavljaju pravo Kejom \u017ertava racije, zatim desno u Ulicu Maksima Gorkog, desno na Bulevar oslobo\u0111enja, levo u Futo\u0161ku ulicu i dalje nastavljaju redovnom trasom kretanja.<\/p>\n<p>LINIJE BROJ 9 i 9a: Smer iz Petrovaradina: Autobusi sa Varadinskog mosta skre\u0107u desno na Trg Neznanog junaka, desno na Beogradski kej, pravo Kejom \u017ertava racije, desno Bulevarom cara Lazara do raskrsnice sa Stra\u017eilovskom ulicom i dalje nastavljaju redovnam trasom kretanja. Smer sa Novog naselja: Od raskrsnice Bulevara cara Lazara i Stra\u017eilavske ulice autobusi nastavljaju pravo Bulevarom cara Lazara, levo na Kej \u017ertava racije, levo na Trg Neznanog junaka do Bulevara Mihajla Pupina i dalje nastavljaju redovnom trasam kretanja (preko Varadinskog mosta).<\/p>\n<p>LINIJE BROJ 60, 61, 62, 63, 64 i 69: Smer iz Novog Sada: Od raskrsnice Maksima Garkog i Stra\u017eilovske ulice autobusi saobra\u0107aju pravo Ulicom Maksima Garkog, levo Kej \u017ertava racije, levo na Trg Neznanar junaka do Varadinskog mosta i dalje nastavljaju redovnom trasom kretanja (preko Varadinskog mosta). Smer iz mesta: Autobusi sa Varadinskog mosta skre\u0107u desno na Tpr Neznanog junaka, desno na Beogradski kej, pravo Kejom \u017ertava racije, zatim desno u Ulicu Maksima Gorkog, desno na Bulevar osloba\u0111enja i dalje nastavljaju redovnom trasom kretanja.<\/p>\n<p>&nbsp;<\/p>\n<p><em>Foto: Evgeny Evtiukhov, Jelena Ivanovi\u0107, Vladimir Veli\u010dkovi\u0107<\/em><\/p>\n","protected":false},"excerpt":{"rendered":"<p>Koncert klasi\u010dne muzike na otvorenom, pod vedrim nebom, zahvaljuju\u0107i kom je Novi Sad stao rame uz rame sa evropskim metropolama \u2013 Korzo, ponovo \u0107e okupiti velika muzi\u010dka imena. Ovoga puta slu\u0161a\u0107emo svetsku zvezdu klasi\u010dne muzike, violinistu i violistu Julijana Rahlina,&#8230;<\/p>\n","protected":false},"author":10,"featured_media":8257,"comment_status":"closed","ping_status":"closed","sticky":false,"template":"","format":"standard","meta":{"footnotes":""},"categories":[25,406],"tags":[194,19,405,100,419],"class_list":["post-8256","post","type-post","status-publish","format-standard","has-post-thumbnail","hentry","category-aktuelno","category-kaleidoskop-kulture-2022","tag-fondacija-novi-sad-evropska-prestonica-kulture","tag-kaleidoskop-kulture","tag-kaleidoskop-kulture-2022","tag-korzo","tag-novi-sad-2"],"yoast_head":"<!-- This site is optimized with the Yoast SEO plugin v22.4 - https:\/\/yoast.com\/wordpress\/plugins\/seo\/ -->\n<title>Jedinstveni Korzo ponovo stavlja Novi Sad me\u0111u evropske metropole<\/title>\n<meta name=\"description\" content=\"Svetski virtuoz na violini, Julijan Rahlin, sa Vojvo\u0111anskim simfonijskim orkestrom, pod dirigentskom palicom Aleksandra Markovi\u0107a, nastupi\u0107e 10. septembra.\" \/>\n<meta name=\"robots\" content=\"index, follow, max-snippet:-1, max-image-preview:large, max-video-preview:-1\" \/>\n<link rel=\"canonical\" href=\"https:\/\/kaleidoskopkulture.com\/sr\/jedinstveni-korzo-ponovo-stavlja-novi-sad-medju-evropske-metropole\/\" \/>\n<meta property=\"og:locale\" content=\"sr_RS\" \/>\n<meta property=\"og:type\" content=\"article\" \/>\n<meta property=\"og:title\" content=\"Jedinstveni Korzo ponovo stavlja Novi Sad me\u0111u evropske metropole\" \/>\n<meta property=\"og:description\" content=\"Svetski virtuoz na violini, Julijan Rahlin, sa Vojvo\u0111anskim simfonijskim orkestrom, pod dirigentskom palicom Aleksandra Markovi\u0107a, nastupi\u0107e 10. septembra.\" \/>\n<meta property=\"og:url\" content=\"https:\/\/kaleidoskopkulture.com\/sr\/jedinstveni-korzo-ponovo-stavlja-novi-sad-medju-evropske-metropole\/\" \/>\n<meta property=\"og:site_name\" content=\"Kaleidoskop kulture\" \/>\n<meta property=\"article:published_time\" content=\"2022-09-07T12:13:51+00:00\" \/>\n<meta property=\"article:modified_time\" content=\"2022-09-10T13:31:46+00:00\" \/>\n<meta property=\"og:image\" content=\"https:\/\/kaleidoskopkulture.com\/wp-content\/uploads\/2022\/09\/V.VelickovicSeptember11.030.jpg\" \/>\n\t<meta property=\"og:image:width\" content=\"2048\" \/>\n\t<meta property=\"og:image:height\" content=\"1365\" \/>\n\t<meta property=\"og:image:type\" content=\"image\/jpeg\" \/>\n<meta name=\"author\" content=\"Jasmina Toma\u0161evi\u0107\" \/>\n<meta name=\"twitter:card\" content=\"summary_large_image\" \/>\n<meta name=\"twitter:label1\" content=\"Napisano od\" \/>\n\t<meta name=\"twitter:data1\" content=\"Jasmina Toma\u0161evi\u0107\" \/>\n\t<meta name=\"twitter:label2\" content=\"Procenjeno vreme \u010ditanja\" \/>\n\t<meta name=\"twitter:data2\" content=\"4 minuta\" \/>\n<script type=\"application\/ld+json\" class=\"yoast-schema-graph\">{\"@context\":\"https:\/\/schema.org\",\"@graph\":[{\"@type\":\"Article\",\"@id\":\"https:\/\/kaleidoskopkulture.com\/sr\/jedinstveni-korzo-ponovo-stavlja-novi-sad-medju-evropske-metropole\/#article\",\"isPartOf\":{\"@id\":\"https:\/\/kaleidoskopkulture.com\/sr\/jedinstveni-korzo-ponovo-stavlja-novi-sad-medju-evropske-metropole\/\"},\"author\":{\"name\":\"Jasmina Toma\u0161evi\u0107\",\"@id\":\"https:\/\/kaleidoskopkulture.com\/sr\/#\/schema\/person\/0d8d753b697d706199f9ad6795577075\"},\"headline\":\"Jedinstveni Korzo ponovo stavlja Novi Sad me\u0111u evropske metropole\",\"datePublished\":\"2022-09-07T12:13:51+00:00\",\"dateModified\":\"2022-09-10T13:31:46+00:00\",\"mainEntityOfPage\":{\"@id\":\"https:\/\/kaleidoskopkulture.com\/sr\/jedinstveni-korzo-ponovo-stavlja-novi-sad-medju-evropske-metropole\/\"},\"wordCount\":905,\"publisher\":{\"@id\":\"https:\/\/kaleidoskopkulture.com\/sr\/#organization\"},\"image\":{\"@id\":\"https:\/\/kaleidoskopkulture.com\/sr\/jedinstveni-korzo-ponovo-stavlja-novi-sad-medju-evropske-metropole\/#primaryimage\"},\"thumbnailUrl\":\"https:\/\/kaleidoskopkulture.com\/wp-content\/uploads\/2022\/09\/V.VelickovicSeptember11.030.jpg\",\"keywords\":[\"Fondacija Novi Sad Evropska prestonica kulture\",\"Kaleidoskop kulture\",\"kaleidoskop kulture 2022\",\"Korzo\",\"Novi Sad\"],\"articleSection\":[\"Aktuelno\",\"Kaleidoskop kulture 2022.\"],\"inLanguage\":\"sr-RS\"},{\"@type\":\"WebPage\",\"@id\":\"https:\/\/kaleidoskopkulture.com\/sr\/jedinstveni-korzo-ponovo-stavlja-novi-sad-medju-evropske-metropole\/\",\"url\":\"https:\/\/kaleidoskopkulture.com\/sr\/jedinstveni-korzo-ponovo-stavlja-novi-sad-medju-evropske-metropole\/\",\"name\":\"Jedinstveni Korzo ponovo stavlja Novi Sad me\u0111u evropske metropole\",\"isPartOf\":{\"@id\":\"https:\/\/kaleidoskopkulture.com\/sr\/#website\"},\"primaryImageOfPage\":{\"@id\":\"https:\/\/kaleidoskopkulture.com\/sr\/jedinstveni-korzo-ponovo-stavlja-novi-sad-medju-evropske-metropole\/#primaryimage\"},\"image\":{\"@id\":\"https:\/\/kaleidoskopkulture.com\/sr\/jedinstveni-korzo-ponovo-stavlja-novi-sad-medju-evropske-metropole\/#primaryimage\"},\"thumbnailUrl\":\"https:\/\/kaleidoskopkulture.com\/wp-content\/uploads\/2022\/09\/V.VelickovicSeptember11.030.jpg\",\"datePublished\":\"2022-09-07T12:13:51+00:00\",\"dateModified\":\"2022-09-10T13:31:46+00:00\",\"description\":\"Svetski virtuoz na violini, Julijan Rahlin, sa Vojvo\u0111anskim simfonijskim orkestrom, pod dirigentskom palicom Aleksandra Markovi\u0107a, nastupi\u0107e 10. septembra.\",\"breadcrumb\":{\"@id\":\"https:\/\/kaleidoskopkulture.com\/sr\/jedinstveni-korzo-ponovo-stavlja-novi-sad-medju-evropske-metropole\/#breadcrumb\"},\"inLanguage\":\"sr-RS\",\"potentialAction\":[{\"@type\":\"ReadAction\",\"target\":[\"https:\/\/kaleidoskopkulture.com\/sr\/jedinstveni-korzo-ponovo-stavlja-novi-sad-medju-evropske-metropole\/\"]}]},{\"@type\":\"ImageObject\",\"inLanguage\":\"sr-RS\",\"@id\":\"https:\/\/kaleidoskopkulture.com\/sr\/jedinstveni-korzo-ponovo-stavlja-novi-sad-medju-evropske-metropole\/#primaryimage\",\"url\":\"https:\/\/kaleidoskopkulture.com\/wp-content\/uploads\/2022\/09\/V.VelickovicSeptember11.030.jpg\",\"contentUrl\":\"https:\/\/kaleidoskopkulture.com\/wp-content\/uploads\/2022\/09\/V.VelickovicSeptember11.030.jpg\",\"width\":2048,\"height\":1365},{\"@type\":\"BreadcrumbList\",\"@id\":\"https:\/\/kaleidoskopkulture.com\/sr\/jedinstveni-korzo-ponovo-stavlja-novi-sad-medju-evropske-metropole\/#breadcrumb\",\"itemListElement\":[{\"@type\":\"ListItem\",\"position\":1,\"name\":\"Home\",\"item\":\"https:\/\/kaleidoskopkulture.com\/sr\/\"},{\"@type\":\"ListItem\",\"position\":2,\"name\":\"Jedinstveni Korzo ponovo stavlja Novi Sad me\u0111u evropske metropole\"}]},{\"@type\":\"WebSite\",\"@id\":\"https:\/\/kaleidoskopkulture.com\/sr\/#website\",\"url\":\"https:\/\/kaleidoskopkulture.com\/sr\/\",\"name\":\"Kaleidoskop kulture\",\"description\":\"Novo lice kulture u Novom Sadu\",\"publisher\":{\"@id\":\"https:\/\/kaleidoskopkulture.com\/sr\/#organization\"},\"potentialAction\":[{\"@type\":\"SearchAction\",\"target\":{\"@type\":\"EntryPoint\",\"urlTemplate\":\"https:\/\/kaleidoskopkulture.com\/sr\/?s={search_term_string}\"},\"query-input\":\"required name=search_term_string\"}],\"inLanguage\":\"sr-RS\"},{\"@type\":\"Organization\",\"@id\":\"https:\/\/kaleidoskopkulture.com\/sr\/#organization\",\"name\":\"Kaleidoskop kulture\",\"url\":\"https:\/\/kaleidoskopkulture.com\/sr\/\",\"logo\":{\"@type\":\"ImageObject\",\"inLanguage\":\"sr-RS\",\"@id\":\"https:\/\/kaleidoskopkulture.com\/sr\/#\/schema\/logo\/image\/\",\"url\":\"https:\/\/kaleidoskopkulture.com\/wp-content\/uploads\/2022\/08\/cropped-kk-logo-1-1.png\",\"contentUrl\":\"https:\/\/kaleidoskopkulture.com\/wp-content\/uploads\/2022\/08\/cropped-kk-logo-1-1.png\",\"width\":260,\"height\":90,\"caption\":\"Kaleidoskop kulture\"},\"image\":{\"@id\":\"https:\/\/kaleidoskopkulture.com\/sr\/#\/schema\/logo\/image\/\"}},{\"@type\":\"Person\",\"@id\":\"https:\/\/kaleidoskopkulture.com\/sr\/#\/schema\/person\/0d8d753b697d706199f9ad6795577075\",\"name\":\"Jasmina Toma\u0161evi\u0107\",\"image\":{\"@type\":\"ImageObject\",\"inLanguage\":\"sr-RS\",\"@id\":\"https:\/\/kaleidoskopkulture.com\/sr\/#\/schema\/person\/image\/\",\"url\":\"https:\/\/secure.gravatar.com\/avatar\/d2e726a2a0cc0212782f6b85597f58c9?s=96&d=mm&r=g\",\"contentUrl\":\"https:\/\/secure.gravatar.com\/avatar\/d2e726a2a0cc0212782f6b85597f58c9?s=96&d=mm&r=g\",\"caption\":\"Jasmina Toma\u0161evi\u0107\"}}]}<\/script>\n<!-- \/ Yoast SEO plugin. -->","yoast_head_json":{"title":"Jedinstveni Korzo ponovo stavlja Novi Sad me\u0111u evropske metropole","description":"Svetski virtuoz na violini, Julijan Rahlin, sa Vojvo\u0111anskim simfonijskim orkestrom, pod dirigentskom palicom Aleksandra Markovi\u0107a, nastupi\u0107e 10. septembra.","robots":{"index":"index","follow":"follow","max-snippet":"max-snippet:-1","max-image-preview":"max-image-preview:large","max-video-preview":"max-video-preview:-1"},"canonical":"https:\/\/kaleidoskopkulture.com\/sr\/jedinstveni-korzo-ponovo-stavlja-novi-sad-medju-evropske-metropole\/","og_locale":"sr_RS","og_type":"article","og_title":"Jedinstveni Korzo ponovo stavlja Novi Sad me\u0111u evropske metropole","og_description":"Svetski virtuoz na violini, Julijan Rahlin, sa Vojvo\u0111anskim simfonijskim orkestrom, pod dirigentskom palicom Aleksandra Markovi\u0107a, nastupi\u0107e 10. septembra.","og_url":"https:\/\/kaleidoskopkulture.com\/sr\/jedinstveni-korzo-ponovo-stavlja-novi-sad-medju-evropske-metropole\/","og_site_name":"Kaleidoskop kulture","article_published_time":"2022-09-07T12:13:51+00:00","article_modified_time":"2022-09-10T13:31:46+00:00","og_image":[{"width":2048,"height":1365,"url":"https:\/\/kaleidoskopkulture.com\/wp-content\/uploads\/2022\/09\/V.VelickovicSeptember11.030.jpg","type":"image\/jpeg"}],"author":"Jasmina Toma\u0161evi\u0107","twitter_card":"summary_large_image","twitter_misc":{"Napisano od":"Jasmina Toma\u0161evi\u0107","Procenjeno vreme \u010ditanja":"4 minuta"},"schema":{"@context":"https:\/\/schema.org","@graph":[{"@type":"Article","@id":"https:\/\/kaleidoskopkulture.com\/sr\/jedinstveni-korzo-ponovo-stavlja-novi-sad-medju-evropske-metropole\/#article","isPartOf":{"@id":"https:\/\/kaleidoskopkulture.com\/sr\/jedinstveni-korzo-ponovo-stavlja-novi-sad-medju-evropske-metropole\/"},"author":{"name":"Jasmina Toma\u0161evi\u0107","@id":"https:\/\/kaleidoskopkulture.com\/sr\/#\/schema\/person\/0d8d753b697d706199f9ad6795577075"},"headline":"Jedinstveni Korzo ponovo stavlja Novi Sad me\u0111u evropske metropole","datePublished":"2022-09-07T12:13:51+00:00","dateModified":"2022-09-10T13:31:46+00:00","mainEntityOfPage":{"@id":"https:\/\/kaleidoskopkulture.com\/sr\/jedinstveni-korzo-ponovo-stavlja-novi-sad-medju-evropske-metropole\/"},"wordCount":905,"publisher":{"@id":"https:\/\/kaleidoskopkulture.com\/sr\/#organization"},"image":{"@id":"https:\/\/kaleidoskopkulture.com\/sr\/jedinstveni-korzo-ponovo-stavlja-novi-sad-medju-evropske-metropole\/#primaryimage"},"thumbnailUrl":"https:\/\/kaleidoskopkulture.com\/wp-content\/uploads\/2022\/09\/V.VelickovicSeptember11.030.jpg","keywords":["Fondacija Novi Sad Evropska prestonica kulture","Kaleidoskop kulture","kaleidoskop kulture 2022","Korzo","Novi Sad"],"articleSection":["Aktuelno","Kaleidoskop kulture 2022."],"inLanguage":"sr-RS"},{"@type":"WebPage","@id":"https:\/\/kaleidoskopkulture.com\/sr\/jedinstveni-korzo-ponovo-stavlja-novi-sad-medju-evropske-metropole\/","url":"https:\/\/kaleidoskopkulture.com\/sr\/jedinstveni-korzo-ponovo-stavlja-novi-sad-medju-evropske-metropole\/","name":"Jedinstveni Korzo ponovo stavlja Novi Sad me\u0111u evropske metropole","isPartOf":{"@id":"https:\/\/kaleidoskopkulture.com\/sr\/#website"},"primaryImageOfPage":{"@id":"https:\/\/kaleidoskopkulture.com\/sr\/jedinstveni-korzo-ponovo-stavlja-novi-sad-medju-evropske-metropole\/#primaryimage"},"image":{"@id":"https:\/\/kaleidoskopkulture.com\/sr\/jedinstveni-korzo-ponovo-stavlja-novi-sad-medju-evropske-metropole\/#primaryimage"},"thumbnailUrl":"https:\/\/kaleidoskopkulture.com\/wp-content\/uploads\/2022\/09\/V.VelickovicSeptember11.030.jpg","datePublished":"2022-09-07T12:13:51+00:00","dateModified":"2022-09-10T13:31:46+00:00","description":"Svetski virtuoz na violini, Julijan Rahlin, sa Vojvo\u0111anskim simfonijskim orkestrom, pod dirigentskom palicom Aleksandra Markovi\u0107a, nastupi\u0107e 10. septembra.","breadcrumb":{"@id":"https:\/\/kaleidoskopkulture.com\/sr\/jedinstveni-korzo-ponovo-stavlja-novi-sad-medju-evropske-metropole\/#breadcrumb"},"inLanguage":"sr-RS","potentialAction":[{"@type":"ReadAction","target":["https:\/\/kaleidoskopkulture.com\/sr\/jedinstveni-korzo-ponovo-stavlja-novi-sad-medju-evropske-metropole\/"]}]},{"@type":"ImageObject","inLanguage":"sr-RS","@id":"https:\/\/kaleidoskopkulture.com\/sr\/jedinstveni-korzo-ponovo-stavlja-novi-sad-medju-evropske-metropole\/#primaryimage","url":"https:\/\/kaleidoskopkulture.com\/wp-content\/uploads\/2022\/09\/V.VelickovicSeptember11.030.jpg","contentUrl":"https:\/\/kaleidoskopkulture.com\/wp-content\/uploads\/2022\/09\/V.VelickovicSeptember11.030.jpg","width":2048,"height":1365},{"@type":"BreadcrumbList","@id":"https:\/\/kaleidoskopkulture.com\/sr\/jedinstveni-korzo-ponovo-stavlja-novi-sad-medju-evropske-metropole\/#breadcrumb","itemListElement":[{"@type":"ListItem","position":1,"name":"Home","item":"https:\/\/kaleidoskopkulture.com\/sr\/"},{"@type":"ListItem","position":2,"name":"Jedinstveni Korzo ponovo stavlja Novi Sad me\u0111u evropske metropole"}]},{"@type":"WebSite","@id":"https:\/\/kaleidoskopkulture.com\/sr\/#website","url":"https:\/\/kaleidoskopkulture.com\/sr\/","name":"Kaleidoskop kulture","description":"Novo lice kulture u Novom Sadu","publisher":{"@id":"https:\/\/kaleidoskopkulture.com\/sr\/#organization"},"potentialAction":[{"@type":"SearchAction","target":{"@type":"EntryPoint","urlTemplate":"https:\/\/kaleidoskopkulture.com\/sr\/?s={search_term_string}"},"query-input":"required name=search_term_string"}],"inLanguage":"sr-RS"},{"@type":"Organization","@id":"https:\/\/kaleidoskopkulture.com\/sr\/#organization","name":"Kaleidoskop kulture","url":"https:\/\/kaleidoskopkulture.com\/sr\/","logo":{"@type":"ImageObject","inLanguage":"sr-RS","@id":"https:\/\/kaleidoskopkulture.com\/sr\/#\/schema\/logo\/image\/","url":"https:\/\/kaleidoskopkulture.com\/wp-content\/uploads\/2022\/08\/cropped-kk-logo-1-1.png","contentUrl":"https:\/\/kaleidoskopkulture.com\/wp-content\/uploads\/2022\/08\/cropped-kk-logo-1-1.png","width":260,"height":90,"caption":"Kaleidoskop kulture"},"image":{"@id":"https:\/\/kaleidoskopkulture.com\/sr\/#\/schema\/logo\/image\/"}},{"@type":"Person","@id":"https:\/\/kaleidoskopkulture.com\/sr\/#\/schema\/person\/0d8d753b697d706199f9ad6795577075","name":"Jasmina Toma\u0161evi\u0107","image":{"@type":"ImageObject","inLanguage":"sr-RS","@id":"https:\/\/kaleidoskopkulture.com\/sr\/#\/schema\/person\/image\/","url":"https:\/\/secure.gravatar.com\/avatar\/d2e726a2a0cc0212782f6b85597f58c9?s=96&d=mm&r=g","contentUrl":"https:\/\/secure.gravatar.com\/avatar\/d2e726a2a0cc0212782f6b85597f58c9?s=96&d=mm&r=g","caption":"Jasmina Toma\u0161evi\u0107"}}]}},"_links":{"self":[{"href":"https:\/\/kaleidoskopkulture.com\/sr\/wp-json\/wp\/v2\/posts\/8256","targetHints":{"allow":["GET"]}}],"collection":[{"href":"https:\/\/kaleidoskopkulture.com\/sr\/wp-json\/wp\/v2\/posts"}],"about":[{"href":"https:\/\/kaleidoskopkulture.com\/sr\/wp-json\/wp\/v2\/types\/post"}],"author":[{"embeddable":true,"href":"https:\/\/kaleidoskopkulture.com\/sr\/wp-json\/wp\/v2\/users\/10"}],"replies":[{"embeddable":true,"href":"https:\/\/kaleidoskopkulture.com\/sr\/wp-json\/wp\/v2\/comments?post=8256"}],"version-history":[{"count":5,"href":"https:\/\/kaleidoskopkulture.com\/sr\/wp-json\/wp\/v2\/posts\/8256\/revisions"}],"predecessor-version":[{"id":8313,"href":"https:\/\/kaleidoskopkulture.com\/sr\/wp-json\/wp\/v2\/posts\/8256\/revisions\/8313"}],"wp:featuredmedia":[{"embeddable":true,"href":"https:\/\/kaleidoskopkulture.com\/sr\/wp-json\/wp\/v2\/media\/8257"}],"wp:attachment":[{"href":"https:\/\/kaleidoskopkulture.com\/sr\/wp-json\/wp\/v2\/media?parent=8256"}],"wp:term":[{"taxonomy":"category","embeddable":true,"href":"https:\/\/kaleidoskopkulture.com\/sr\/wp-json\/wp\/v2\/categories?post=8256"},{"taxonomy":"post_tag","embeddable":true,"href":"https:\/\/kaleidoskopkulture.com\/sr\/wp-json\/wp\/v2\/tags?post=8256"}],"curies":[{"name":"wp","href":"https:\/\/api.w.org\/{rel}","templated":true}]}}