{"id":663,"date":"2020-09-12T09:50:48","date_gmt":"2020-09-12T07:50:48","guid":{"rendered":"https:\/\/kaleidoskopkulture.com\/?p=663"},"modified":"2021-08-27T11:08:11","modified_gmt":"2021-08-27T09:08:11","slug":"od-save-do-save-privatne-kolekcije-pod-krovom-gms","status":"publish","type":"post","link":"https:\/\/kaleidoskopkulture.com\/sr\/od-save-do-save-privatne-kolekcije-pod-krovom-gms\/","title":{"rendered":"\u201eOd Save do Save\u201c @ Galerija Matice srpske"},"content":{"rendered":"\r\n<p>Namenski sagra\u0111ena kao prva Novosadska berza, zgrada dana\u0161nje Galerije Matice Srpske je pre\u0161la od riznice materijalnog do duhovnog i kulturnog bogatstva jedne nacije. Kolekcija slika, grafika, skulptura jesu ogledalo na\u0161e turbolentne istorije i prozor u budu\u0107nost na\u0161ih tendencija. Sada\u0161njost, trenutak u kome se analogno i digitalno prepli\u0107e i spaja, Galerija posmatra smer savremenih umetni\u010dkih praksi i otvara svoja vrata, neprestano dopunjavaju\u0107i svoju kolekciju.<\/p>\r\n\r\n\r\n\r\n<p><!--more--><\/p>\r\n\r\n\r\n\r\n<p><strong>Kolekciju Galerije Matice<\/strong> <strong>srpske \u010dine<\/strong>, izme\u0111u ostalog, i nekada\u0161nje kolekcije pojedinaca, kao \u0161to su <strong>porodi\u010dna zbirka Save Tekelije<\/strong>, <strong>kolekcija Milo\u0161a Bok\u0161ana<\/strong> ali i savremena <strong>kolekcija Save Stepanova<\/strong>.<\/p>\r\n\r\n\r\n\r\n<p>Sve one se na poseban na\u010din \u201euklapaju\u201c u kaleidoskop Galerije Matice srpske, a kroz program <em>Od Save do Save \u2013 privatne kolekcije pod krovom Galerije Matice Srpske<\/em> bi\u0107e interpretirane na razli\u010dite na\u010dine.<\/p>\r\n\r\n\r\n\r\n<p>Projekat aktuelizuje i upoznaje \u0161iroku publiku, a posebno mlade sa privatnim kolekcijama <a href=\"http:\/\/www.galerijamaticesrpske.rs\/\" target=\"_blank\" rel=\"noreferrer noopener\">Galerije Matice Srpske<\/a>.<\/p>\r\n\r\n\r\n<hr class=\"wp-block-separator is-style-dots\" \/>\r\n\r\n\r\n<p>Program <em>Od Save do Save \u2013 privatne kolekcije pod krovom Galerije Matice Srpske<\/em> \u010dine radovi odabrani iz privatnih kolecija (Poklon-zbirka Save Tekelije, Poklon Zbirka Milo\u0161a Bok\u0161ana i Poklon zbirka Save Stepanova) i <a href=\"https:\/\/kaleidoskopkulture.com\/sr\/dogadjaj\/svecano-otvaranje-umetnicke-animacije-milice-blesic\/\"><span style=\"text-decoration: underline;\">bi\u0107e interpretirani skroz likovni pe\u010dat mlade animatorke, <\/span><\/a><strong><a href=\"https:\/\/kaleidoskopkulture.com\/sr\/dogadjaj\/svecano-otvaranje-umetnicke-animacije-milice-blesic\/\"><span style=\"text-decoration: underline;\">Milice Ble\u0161i\u0107<\/span><\/a>,<\/strong> studentkinje Akademije Umetnosti u Novom Sadu.<\/p>\r\n\r\n\r\n\r\n<p>Njena sloboda i sadr\u017eajnost animacija, pro\u017eeta simbolikom samog vremena u kome je interpretirano delo nastalo publici \u0107e pribli\u017eiti fundus Galerije Matice Srpske.<\/p>\r\n\r\n\r\n\r\n<p>Kako su ove privatne kolekcije postale va\u017ean deo Galerijskog fundusa i kako kroz izlo\u017ebe i razli\u010dite druge programe ova umetni\u010dka dela \u201e\u017eive\u201c pod krovom Galerije, publika \u0107e imati priliku da \u010duje kroz tuma\u010denja stru\u010dnjaka Galerije \u2013<a href=\"https:\/\/kaleidoskopkulture.com\/sr\/dogadjaj\/kustosko-vodjenje-tijane-palkovljevic-bugarski-kroz-zbirku-milosa-boksana\/\"><span style=\"text-decoration: underline;\"> dr <strong>Tijane Palkovljevi\u0107 Bugarski<\/strong>, upravnice GMS<\/span><\/a>, <a href=\"https:\/\/kaleidoskopkulture.com\/sr\/dogadjaj\/kustosko-vodjenje-snezane-misic-kroz-zbirku-save-tekelije\/\"><span style=\"text-decoration: underline;\">dr <strong>Sne\u017eane Mi\u0161i\u0107 <\/strong><\/span><\/a>i <a href=\"https:\/\/kaleidoskopkulture.com\/sr\/dogadjaj\/kustosko-vodjenje-danila-vuksanovica-kroz-zbirku-save-stepanova-u-gms\/\"><span style=\"text-decoration: underline;\">mr <strong>Danila Vuksanovi\u0107a<\/strong><\/span><\/a>, programskih direktora GMS.<\/p>\r\n\r\n\r\n\r\n<p>Kako bismo pri\u010du o kolekcionarstvu i zna\u010daju dobro\u010dinstva pribli\u017eili i najmla\u0111ima bi\u0107e odr\u017eana i <a href=\"https:\/\/kaleidoskopkulture.com\/sr\/dogadjaj\/kreativna-radionica-za-decu-moja-kolekcija-u-galeriji-matice-srpske\/\"><span style=\"text-decoration: underline;\">kreativna radionica za decu<\/span><\/a> uzrasta od pet do 11 godina pod nazivom <em>Moja kolekcija<\/em>.<\/p>\r\n<p>Za radionicu je potrebno prijaviti decu putem <span style=\"text-decoration: underline;\"><a href=\"https:\/\/forms.gle\/DqPToQDNhf46w9hN7\">linka<\/a><\/span>. Maksimalan broj dece na radionici je 10.<\/p>\r\n<p>Pored toga,<span style=\"text-decoration: underline;\"><a href=\"https:\/\/kaleidoskopkulture.com\/sr\/dogadjaj\/kustosko-vodjenje-kroz-izlozbu-privatne-kolekcije-ploca-pavla-beljanskog\/\"> u Spomen-zbirci Pavla Beljanskog vi\u0161a kustoskinja Jasmina Jak\u0161i\u0107 Subi\u0107 27. septembra vodi\u0107e<\/a> vas kroz izlo\u017ebu privatne kolekcije plo\u010da Pavla Beljanskog<\/span>.<\/p>\r\n","protected":false},"excerpt":{"rendered":"<p>Namenski sagra\u0111ena kao prva Novosadska berza, zgrada dana\u0161nje Galerije Matice Srpske je pre\u0161la od riznice materijalnog do duhovnog i kulturnog bogatstva jedne nacije. Kolekcija slika, grafika, skulptura jesu ogledalo na\u0161e turbolentne istorije i prozor u budu\u0107nost na\u0161ih tendencija. Sada\u0161njost, trenutak&#8230;<\/p>\n","protected":false},"author":7,"featured_media":1946,"comment_status":"closed","ping_status":"closed","sticky":false,"template":"","format":"standard","meta":{"footnotes":""},"categories":[39],"tags":[114,112,113],"class_list":["post-663","post","type-post","status-publish","format-standard","has-post-thumbnail","hentry","category-2020-ucesnici","tag-galerija-matice-srpske","tag-od-save-do-save-privatne-kolekcije","tag-trg-galerija"],"yoast_head":"<!-- This site is optimized with the Yoast SEO plugin v22.4 - https:\/\/yoast.com\/wordpress\/plugins\/seo\/ -->\n<title>\u201eOd Save do Save\u201c @ Galerija Matice srpske<\/title>\n<meta name=\"description\" content=\"&quot;Od Save do Save - privatne kolekcije pod krovom Galerije Matice srpske&quot; aktuelizuje i upoznaje \u0161iroku publiku sa privatnim kolekcijama GMS.\" \/>\n<meta name=\"robots\" content=\"index, follow, max-snippet:-1, max-image-preview:large, max-video-preview:-1\" \/>\n<link rel=\"canonical\" href=\"https:\/\/kaleidoskopkulture.com\/sr\/od-save-do-save-privatne-kolekcije-pod-krovom-gms\/\" \/>\n<meta property=\"og:locale\" content=\"sr_RS\" \/>\n<meta property=\"og:type\" content=\"article\" \/>\n<meta property=\"og:title\" content=\"\u201eOd Save do Save\u201c @ Galerija Matice srpske\" \/>\n<meta property=\"og:description\" content=\"&quot;Od Save do Save - privatne kolekcije pod krovom Galerije Matice srpske&quot; aktuelizuje i upoznaje \u0161iroku publiku sa privatnim kolekcijama GMS.\" \/>\n<meta property=\"og:url\" content=\"https:\/\/kaleidoskopkulture.com\/sr\/od-save-do-save-privatne-kolekcije-pod-krovom-gms\/\" \/>\n<meta property=\"og:site_name\" content=\"Kaleidoskop kulture\" \/>\n<meta property=\"article:published_time\" content=\"2020-09-12T07:50:48+00:00\" \/>\n<meta property=\"article:modified_time\" content=\"2021-08-27T09:08:11+00:00\" \/>\n<meta property=\"og:image\" content=\"https:\/\/kaleidoskopkulture.com\/wp-content\/uploads\/2020\/08\/trg-galerija_online_6.png\" \/>\n\t<meta property=\"og:image:width\" content=\"740\" \/>\n\t<meta property=\"og:image:height\" content=\"390\" \/>\n\t<meta property=\"og:image:type\" content=\"image\/png\" \/>\n<meta name=\"author\" content=\"Milana Rati\u0107\" \/>\n<meta name=\"twitter:card\" content=\"summary_large_image\" \/>\n<meta name=\"twitter:label1\" content=\"Napisano od\" \/>\n\t<meta name=\"twitter:data1\" content=\"Milana Rati\u0107\" \/>\n\t<meta name=\"twitter:label2\" content=\"Procenjeno vreme \u010ditanja\" \/>\n\t<meta name=\"twitter:data2\" content=\"2 minuta\" \/>\n<script type=\"application\/ld+json\" class=\"yoast-schema-graph\">{\"@context\":\"https:\/\/schema.org\",\"@graph\":[{\"@type\":\"Article\",\"@id\":\"https:\/\/kaleidoskopkulture.com\/sr\/od-save-do-save-privatne-kolekcije-pod-krovom-gms\/#article\",\"isPartOf\":{\"@id\":\"https:\/\/kaleidoskopkulture.com\/sr\/od-save-do-save-privatne-kolekcije-pod-krovom-gms\/\"},\"author\":{\"name\":\"Milana Rati\u0107\",\"@id\":\"https:\/\/kaleidoskopkulture.com\/sr\/#\/schema\/person\/5bb478a7901574f95a4e73f4fd8cebb1\"},\"headline\":\"\u201eOd Save do Save\u201c @ Galerija Matice srpske\",\"datePublished\":\"2020-09-12T07:50:48+00:00\",\"dateModified\":\"2021-08-27T09:08:11+00:00\",\"mainEntityOfPage\":{\"@id\":\"https:\/\/kaleidoskopkulture.com\/sr\/od-save-do-save-privatne-kolekcije-pod-krovom-gms\/\"},\"wordCount\":372,\"publisher\":{\"@id\":\"https:\/\/kaleidoskopkulture.com\/sr\/#organization\"},\"image\":{\"@id\":\"https:\/\/kaleidoskopkulture.com\/sr\/od-save-do-save-privatne-kolekcije-pod-krovom-gms\/#primaryimage\"},\"thumbnailUrl\":\"https:\/\/kaleidoskopkulture.com\/wp-content\/uploads\/2020\/08\/trg-galerija_online_8.png\",\"keywords\":[\"Galerija Matice srpske\",\"Od Save do Save - privatne kolekcije\",\"Trg galerija\"],\"articleSection\":[\"U\u010desnici 2020.\"],\"inLanguage\":\"sr-RS\"},{\"@type\":\"WebPage\",\"@id\":\"https:\/\/kaleidoskopkulture.com\/sr\/od-save-do-save-privatne-kolekcije-pod-krovom-gms\/\",\"url\":\"https:\/\/kaleidoskopkulture.com\/sr\/od-save-do-save-privatne-kolekcije-pod-krovom-gms\/\",\"name\":\"\u201eOd Save do Save\u201c @ Galerija Matice srpske\",\"isPartOf\":{\"@id\":\"https:\/\/kaleidoskopkulture.com\/sr\/#website\"},\"primaryImageOfPage\":{\"@id\":\"https:\/\/kaleidoskopkulture.com\/sr\/od-save-do-save-privatne-kolekcije-pod-krovom-gms\/#primaryimage\"},\"image\":{\"@id\":\"https:\/\/kaleidoskopkulture.com\/sr\/od-save-do-save-privatne-kolekcije-pod-krovom-gms\/#primaryimage\"},\"thumbnailUrl\":\"https:\/\/kaleidoskopkulture.com\/wp-content\/uploads\/2020\/08\/trg-galerija_online_8.png\",\"datePublished\":\"2020-09-12T07:50:48+00:00\",\"dateModified\":\"2021-08-27T09:08:11+00:00\",\"description\":\"\\\"Od Save do Save - privatne kolekcije pod krovom Galerije Matice srpske\\\" aktuelizuje i upoznaje \u0161iroku publiku sa privatnim kolekcijama GMS.\",\"breadcrumb\":{\"@id\":\"https:\/\/kaleidoskopkulture.com\/sr\/od-save-do-save-privatne-kolekcije-pod-krovom-gms\/#breadcrumb\"},\"inLanguage\":\"sr-RS\",\"potentialAction\":[{\"@type\":\"ReadAction\",\"target\":[\"https:\/\/kaleidoskopkulture.com\/sr\/od-save-do-save-privatne-kolekcije-pod-krovom-gms\/\"]}]},{\"@type\":\"ImageObject\",\"inLanguage\":\"sr-RS\",\"@id\":\"https:\/\/kaleidoskopkulture.com\/sr\/od-save-do-save-privatne-kolekcije-pod-krovom-gms\/#primaryimage\",\"url\":\"https:\/\/kaleidoskopkulture.com\/wp-content\/uploads\/2020\/08\/trg-galerija_online_8.png\",\"contentUrl\":\"https:\/\/kaleidoskopkulture.com\/wp-content\/uploads\/2020\/08\/trg-galerija_online_8.png\",\"width\":1617,\"height\":1080,\"caption\":\"od save do save, nedelja vizuelne umetnosti\"},{\"@type\":\"BreadcrumbList\",\"@id\":\"https:\/\/kaleidoskopkulture.com\/sr\/od-save-do-save-privatne-kolekcije-pod-krovom-gms\/#breadcrumb\",\"itemListElement\":[{\"@type\":\"ListItem\",\"position\":1,\"name\":\"Home\",\"item\":\"https:\/\/kaleidoskopkulture.com\/sr\/\"},{\"@type\":\"ListItem\",\"position\":2,\"name\":\"\u201eOd Save do Save\u201c @ Galerija Matice srpske\"}]},{\"@type\":\"WebSite\",\"@id\":\"https:\/\/kaleidoskopkulture.com\/sr\/#website\",\"url\":\"https:\/\/kaleidoskopkulture.com\/sr\/\",\"name\":\"Kaleidoskop kulture\",\"description\":\"Novo lice kulture u Novom Sadu\",\"publisher\":{\"@id\":\"https:\/\/kaleidoskopkulture.com\/sr\/#organization\"},\"potentialAction\":[{\"@type\":\"SearchAction\",\"target\":{\"@type\":\"EntryPoint\",\"urlTemplate\":\"https:\/\/kaleidoskopkulture.com\/sr\/?s={search_term_string}\"},\"query-input\":\"required name=search_term_string\"}],\"inLanguage\":\"sr-RS\"},{\"@type\":\"Organization\",\"@id\":\"https:\/\/kaleidoskopkulture.com\/sr\/#organization\",\"name\":\"Kaleidoskop kulture\",\"url\":\"https:\/\/kaleidoskopkulture.com\/sr\/\",\"logo\":{\"@type\":\"ImageObject\",\"inLanguage\":\"sr-RS\",\"@id\":\"https:\/\/kaleidoskopkulture.com\/sr\/#\/schema\/logo\/image\/\",\"url\":\"https:\/\/kaleidoskopkulture.com\/wp-content\/uploads\/2022\/08\/cropped-kk-logo-1-1.png\",\"contentUrl\":\"https:\/\/kaleidoskopkulture.com\/wp-content\/uploads\/2022\/08\/cropped-kk-logo-1-1.png\",\"width\":260,\"height\":90,\"caption\":\"Kaleidoskop kulture\"},\"image\":{\"@id\":\"https:\/\/kaleidoskopkulture.com\/sr\/#\/schema\/logo\/image\/\"}},{\"@type\":\"Person\",\"@id\":\"https:\/\/kaleidoskopkulture.com\/sr\/#\/schema\/person\/5bb478a7901574f95a4e73f4fd8cebb1\",\"name\":\"Milana Rati\u0107\",\"image\":{\"@type\":\"ImageObject\",\"inLanguage\":\"sr-RS\",\"@id\":\"https:\/\/kaleidoskopkulture.com\/sr\/#\/schema\/person\/image\/\",\"url\":\"https:\/\/secure.gravatar.com\/avatar\/3ff80e830bacddd25af3f575bedcdd71?s=96&d=mm&r=g\",\"contentUrl\":\"https:\/\/secure.gravatar.com\/avatar\/3ff80e830bacddd25af3f575bedcdd71?s=96&d=mm&r=g\",\"caption\":\"Milana Rati\u0107\"}}]}<\/script>\n<!-- \/ Yoast SEO plugin. -->","yoast_head_json":{"title":"\u201eOd Save do Save\u201c @ Galerija Matice srpske","description":"\"Od Save do Save - privatne kolekcije pod krovom Galerije Matice srpske\" aktuelizuje i upoznaje \u0161iroku publiku sa privatnim kolekcijama GMS.","robots":{"index":"index","follow":"follow","max-snippet":"max-snippet:-1","max-image-preview":"max-image-preview:large","max-video-preview":"max-video-preview:-1"},"canonical":"https:\/\/kaleidoskopkulture.com\/sr\/od-save-do-save-privatne-kolekcije-pod-krovom-gms\/","og_locale":"sr_RS","og_type":"article","og_title":"\u201eOd Save do Save\u201c @ Galerija Matice srpske","og_description":"\"Od Save do Save - privatne kolekcije pod krovom Galerije Matice srpske\" aktuelizuje i upoznaje \u0161iroku publiku sa privatnim kolekcijama GMS.","og_url":"https:\/\/kaleidoskopkulture.com\/sr\/od-save-do-save-privatne-kolekcije-pod-krovom-gms\/","og_site_name":"Kaleidoskop kulture","article_published_time":"2020-09-12T07:50:48+00:00","article_modified_time":"2021-08-27T09:08:11+00:00","og_image":[{"width":740,"height":390,"url":"https:\/\/kaleidoskopkulture.com\/wp-content\/uploads\/2020\/08\/trg-galerija_online_6.png","type":"image\/png"}],"author":"Milana Rati\u0107","twitter_card":"summary_large_image","twitter_misc":{"Napisano od":"Milana Rati\u0107","Procenjeno vreme \u010ditanja":"2 minuta"},"schema":{"@context":"https:\/\/schema.org","@graph":[{"@type":"Article","@id":"https:\/\/kaleidoskopkulture.com\/sr\/od-save-do-save-privatne-kolekcije-pod-krovom-gms\/#article","isPartOf":{"@id":"https:\/\/kaleidoskopkulture.com\/sr\/od-save-do-save-privatne-kolekcije-pod-krovom-gms\/"},"author":{"name":"Milana Rati\u0107","@id":"https:\/\/kaleidoskopkulture.com\/sr\/#\/schema\/person\/5bb478a7901574f95a4e73f4fd8cebb1"},"headline":"\u201eOd Save do Save\u201c @ Galerija Matice srpske","datePublished":"2020-09-12T07:50:48+00:00","dateModified":"2021-08-27T09:08:11+00:00","mainEntityOfPage":{"@id":"https:\/\/kaleidoskopkulture.com\/sr\/od-save-do-save-privatne-kolekcije-pod-krovom-gms\/"},"wordCount":372,"publisher":{"@id":"https:\/\/kaleidoskopkulture.com\/sr\/#organization"},"image":{"@id":"https:\/\/kaleidoskopkulture.com\/sr\/od-save-do-save-privatne-kolekcije-pod-krovom-gms\/#primaryimage"},"thumbnailUrl":"https:\/\/kaleidoskopkulture.com\/wp-content\/uploads\/2020\/08\/trg-galerija_online_8.png","keywords":["Galerija Matice srpske","Od Save do Save - privatne kolekcije","Trg galerija"],"articleSection":["U\u010desnici 2020."],"inLanguage":"sr-RS"},{"@type":"WebPage","@id":"https:\/\/kaleidoskopkulture.com\/sr\/od-save-do-save-privatne-kolekcije-pod-krovom-gms\/","url":"https:\/\/kaleidoskopkulture.com\/sr\/od-save-do-save-privatne-kolekcije-pod-krovom-gms\/","name":"\u201eOd Save do Save\u201c @ Galerija Matice srpske","isPartOf":{"@id":"https:\/\/kaleidoskopkulture.com\/sr\/#website"},"primaryImageOfPage":{"@id":"https:\/\/kaleidoskopkulture.com\/sr\/od-save-do-save-privatne-kolekcije-pod-krovom-gms\/#primaryimage"},"image":{"@id":"https:\/\/kaleidoskopkulture.com\/sr\/od-save-do-save-privatne-kolekcije-pod-krovom-gms\/#primaryimage"},"thumbnailUrl":"https:\/\/kaleidoskopkulture.com\/wp-content\/uploads\/2020\/08\/trg-galerija_online_8.png","datePublished":"2020-09-12T07:50:48+00:00","dateModified":"2021-08-27T09:08:11+00:00","description":"\"Od Save do Save - privatne kolekcije pod krovom Galerije Matice srpske\" aktuelizuje i upoznaje \u0161iroku publiku sa privatnim kolekcijama GMS.","breadcrumb":{"@id":"https:\/\/kaleidoskopkulture.com\/sr\/od-save-do-save-privatne-kolekcije-pod-krovom-gms\/#breadcrumb"},"inLanguage":"sr-RS","potentialAction":[{"@type":"ReadAction","target":["https:\/\/kaleidoskopkulture.com\/sr\/od-save-do-save-privatne-kolekcije-pod-krovom-gms\/"]}]},{"@type":"ImageObject","inLanguage":"sr-RS","@id":"https:\/\/kaleidoskopkulture.com\/sr\/od-save-do-save-privatne-kolekcije-pod-krovom-gms\/#primaryimage","url":"https:\/\/kaleidoskopkulture.com\/wp-content\/uploads\/2020\/08\/trg-galerija_online_8.png","contentUrl":"https:\/\/kaleidoskopkulture.com\/wp-content\/uploads\/2020\/08\/trg-galerija_online_8.png","width":1617,"height":1080,"caption":"od save do save, nedelja vizuelne umetnosti"},{"@type":"BreadcrumbList","@id":"https:\/\/kaleidoskopkulture.com\/sr\/od-save-do-save-privatne-kolekcije-pod-krovom-gms\/#breadcrumb","itemListElement":[{"@type":"ListItem","position":1,"name":"Home","item":"https:\/\/kaleidoskopkulture.com\/sr\/"},{"@type":"ListItem","position":2,"name":"\u201eOd Save do Save\u201c @ Galerija Matice srpske"}]},{"@type":"WebSite","@id":"https:\/\/kaleidoskopkulture.com\/sr\/#website","url":"https:\/\/kaleidoskopkulture.com\/sr\/","name":"Kaleidoskop kulture","description":"Novo lice kulture u Novom Sadu","publisher":{"@id":"https:\/\/kaleidoskopkulture.com\/sr\/#organization"},"potentialAction":[{"@type":"SearchAction","target":{"@type":"EntryPoint","urlTemplate":"https:\/\/kaleidoskopkulture.com\/sr\/?s={search_term_string}"},"query-input":"required name=search_term_string"}],"inLanguage":"sr-RS"},{"@type":"Organization","@id":"https:\/\/kaleidoskopkulture.com\/sr\/#organization","name":"Kaleidoskop kulture","url":"https:\/\/kaleidoskopkulture.com\/sr\/","logo":{"@type":"ImageObject","inLanguage":"sr-RS","@id":"https:\/\/kaleidoskopkulture.com\/sr\/#\/schema\/logo\/image\/","url":"https:\/\/kaleidoskopkulture.com\/wp-content\/uploads\/2022\/08\/cropped-kk-logo-1-1.png","contentUrl":"https:\/\/kaleidoskopkulture.com\/wp-content\/uploads\/2022\/08\/cropped-kk-logo-1-1.png","width":260,"height":90,"caption":"Kaleidoskop kulture"},"image":{"@id":"https:\/\/kaleidoskopkulture.com\/sr\/#\/schema\/logo\/image\/"}},{"@type":"Person","@id":"https:\/\/kaleidoskopkulture.com\/sr\/#\/schema\/person\/5bb478a7901574f95a4e73f4fd8cebb1","name":"Milana Rati\u0107","image":{"@type":"ImageObject","inLanguage":"sr-RS","@id":"https:\/\/kaleidoskopkulture.com\/sr\/#\/schema\/person\/image\/","url":"https:\/\/secure.gravatar.com\/avatar\/3ff80e830bacddd25af3f575bedcdd71?s=96&d=mm&r=g","contentUrl":"https:\/\/secure.gravatar.com\/avatar\/3ff80e830bacddd25af3f575bedcdd71?s=96&d=mm&r=g","caption":"Milana Rati\u0107"}}]}},"_links":{"self":[{"href":"https:\/\/kaleidoskopkulture.com\/sr\/wp-json\/wp\/v2\/posts\/663","targetHints":{"allow":["GET"]}}],"collection":[{"href":"https:\/\/kaleidoskopkulture.com\/sr\/wp-json\/wp\/v2\/posts"}],"about":[{"href":"https:\/\/kaleidoskopkulture.com\/sr\/wp-json\/wp\/v2\/types\/post"}],"author":[{"embeddable":true,"href":"https:\/\/kaleidoskopkulture.com\/sr\/wp-json\/wp\/v2\/users\/7"}],"replies":[{"embeddable":true,"href":"https:\/\/kaleidoskopkulture.com\/sr\/wp-json\/wp\/v2\/comments?post=663"}],"version-history":[{"count":18,"href":"https:\/\/kaleidoskopkulture.com\/sr\/wp-json\/wp\/v2\/posts\/663\/revisions"}],"predecessor-version":[{"id":2970,"href":"https:\/\/kaleidoskopkulture.com\/sr\/wp-json\/wp\/v2\/posts\/663\/revisions\/2970"}],"wp:featuredmedia":[{"embeddable":true,"href":"https:\/\/kaleidoskopkulture.com\/sr\/wp-json\/wp\/v2\/media\/1946"}],"wp:attachment":[{"href":"https:\/\/kaleidoskopkulture.com\/sr\/wp-json\/wp\/v2\/media?parent=663"}],"wp:term":[{"taxonomy":"category","embeddable":true,"href":"https:\/\/kaleidoskopkulture.com\/sr\/wp-json\/wp\/v2\/categories?post=663"},{"taxonomy":"post_tag","embeddable":true,"href":"https:\/\/kaleidoskopkulture.com\/sr\/wp-json\/wp\/v2\/tags?post=663"}],"curies":[{"name":"wp","href":"https:\/\/api.w.org\/{rel}","templated":true}]}}