{"id":5035,"date":"2021-09-09T15:19:30","date_gmt":"2021-09-09T13:19:30","guid":{"rendered":"https:\/\/kaleidoskopkulture.com\/?p=5035"},"modified":"2021-09-13T17:17:16","modified_gmt":"2021-09-13T15:17:16","slug":"promocija-knjige-prickice","status":"publish","type":"post","link":"https:\/\/kaleidoskopkulture.com\/sr\/promocija-knjige-prickice\/","title":{"rendered":"Promocija knjige \u201ePri\u010dkice\u201d"},"content":{"rendered":"<p><strong>Promocija knjige \u201ePri\u010dkice\u201d<\/strong> autorki Jovane Rebe i Jefimije Medi\u0107 bi\u0107e odr\u017eana <strong>19. septembra u 17 sati u\u00a0 Podgra\u0111u Petrovaradinske tvr\u0111ave (Kafe Bukowski)<\/strong>, u okviru dvodnevnog knji\u017eevnog festivala <a href=\"https:\/\/kaleidoskopkulture.com\/sr\/podgradje-buktaun\/\" target=\"_blank\" rel=\"noopener noreferrer\"><em>Podgra\u0111e Booktown<\/em><\/a>.<!--more--><\/p>\n<p>\u201ePri\u010dkice\u201d vezuju u sebi elemente obi\u010dnih ljudskih sudbina i njihovog mra\u010dnog odraza, koji u nagove\u0161taju u jednoj sceni, ili u igri re\u010dima, razotkriva kompleksnost onoga \u0161to samo na prvi pogled deluje ordinarno. Ve\u0107ina doga\u0111aja predstavljenih u zbirci je talog autenti\u010dnih doga\u0111aja, ali je svaki zamotan u fikciju, jer ko uop\u0161te mo\u017ee, uprkos iskrenoj \u017eudnji, da objektivno predstavi tu\u0111e, ili sopstveno iskustvo?<\/p>\n<p>U svojim pri\u010dama Jovana i Jefimija fokusiraju se na vazda klju\u010dne momente \u017eenskog \u017eivota: poro\u0111aj, roditeljstvo, ljubavne veze, prijateljstvo, brak, razvod, samo\u0107u, preljubu i bolest, ali i problematku emigracije, kao i \u017eivot u miru i ratu sa Drugim.\u00a0Jefimija Medi\u0107 je autorka 11, a Jovana Reba devet pri\u010da.<\/p>\n<p>Jovana Reba\u202fje doktorka knji\u017eevnih nauka, autorka knjiga\u202f\u201e\u017denski Istok i Zapad\u201c\u202fi\u202f\u201eMisticizam Jele Spiridonovi\u0107 Savi\u0107\u201c, te \u010dlanaka o srpskim knji\u017eevnicama iz prve polovine 20. veka (s aspekta ginokriti\u010dke i imagolo\u0161ke teorije). Postala je poznata kao spisateljica za decu, po knjigama\u202fo dinastiji Nemanji\u0107a, o srpskim vladarkama,\u202fMihajlu Pupinu,\u202fVuku i Dositeju. Profesorka je knji\u017eevnosti u Karlova\u010dkoj gimnaziji.<\/p>\n<p>Jefimija Medi\u0107\u202fje arhitektkinja. Jedno vreme je \u017eivela i radila u Dubaiju kao stjuardesa, proputovala gotovo ceo svet a potom izdala knjigu putopisa o svojim iskustvima:\u202f\u201eLet-Opisi (iliti za\u0161to je zgodno biti stjuardesa pre nego \u0161to postane\u0161 velika). Objavljena je i na engleskom jeziku pod naslovom\u202f&#8220;Flight Attended&#8220;.\u202fDobila je prvu nagradu na me\u0111unarodnom knji\u017eevnom konkursu \u201eVranac \u2013 Najbolja kratka pri\u010da 2013\u201c za &#8222;Pri\u010du o dva tragroma&#8220;, koja se nalazi u zbirci\u202f\u201ePri\u010dkice\u201d.<\/p>\n<hr \/>\n<p><strong>\u010cetvrti\u00a0<a href=\"https:\/\/kaleidoskopkulture.com\/sr\/\" target=\"_blank\" rel=\"noopener noreferrer\">Kaleidoskop kulture<\/a>\u00a0bi\u0107e odr\u017ean od 2. septembra do 8. oktobra 2021.\u00a0<\/strong>Celogodi\u0161nji projekat kulture zajedni\u0161tva \u0107e i ovaj put, tokom\u00a0<strong>pet nedelja<\/strong>, predstavljaju\u0107i\u00a0<strong>pet vrsta umetnosti,<\/strong>\u00a0kroz razli\u010dite\u00a0<strong>procese<\/strong>\u00a0spojiti umetnike, ustanove kulture, nevladine organizacije, gra\u0111ane i posetioce, i na kraju leta prikazati\u00a0<strong>prostore<\/strong>\u00a0i\u00a0<strong>programe<\/strong>\u00a0\u0161irom grada, promovi\u0161u\u0107i<strong>\u00a0jedinstvenu sliku raznolikosti Novog Sada.<\/strong><\/p>\n","protected":false},"excerpt":{"rendered":"<p>Promocija knjige \u201ePri\u010dkice\u201d autorki Jovane Rebe i Jefimije Medi\u0107 bi\u0107e odr\u017eana 19. septembra u 17 sati u\u00a0 Podgra\u0111u Petrovaradinske tvr\u0111ave (Kafe Bukowski), u okviru dvodnevnog knji\u017eevnog festivala Podgra\u0111e Booktown.<\/p>\n","protected":false},"author":7,"featured_media":5062,"comment_status":"closed","ping_status":"closed","sticky":false,"template":"","format":"standard","meta":{"footnotes":""},"categories":[288,355],"tags":[277],"class_list":["post-5035","post","type-post","status-publish","format-standard","has-post-thumbnail","hentry","category-nedelja-knjizevnosti-ucesnici-2021","category-2021-ucesnici","tag-nedelja-knjizevnosti"],"yoast_head":"<!-- This site is optimized with the Yoast SEO plugin v22.4 - https:\/\/yoast.com\/wordpress\/plugins\/seo\/ -->\n<title>Promocija knjige \u201ePri\u010dkice\u201d na Kaleidoskopu kulture<\/title>\n<meta name=\"description\" content=\"Promocija knjige \u201ePri\u010dkice\u201d autorki Jovane Rebe i Jefimije Medi\u0107 bi\u0107e odr\u017eana 19. septembra u 17 sati, u okviru festivala \u201ePodgra\u0111e Booktown\u201d.\" \/>\n<meta name=\"robots\" content=\"index, follow, max-snippet:-1, max-image-preview:large, max-video-preview:-1\" \/>\n<link rel=\"canonical\" href=\"https:\/\/kaleidoskopkulture.com\/sr\/promocija-knjige-prickice\/\" \/>\n<meta property=\"og:locale\" content=\"sr_RS\" \/>\n<meta property=\"og:type\" content=\"article\" \/>\n<meta property=\"og:title\" content=\"Promocija knjige \u201ePri\u010dkice\u201d na Kaleidoskopu kulture\" \/>\n<meta property=\"og:description\" content=\"Promocija knjige \u201ePri\u010dkice\u201d autorki Jovane Rebe i Jefimije Medi\u0107 bi\u0107e odr\u017eana 19. septembra u 17 sati, u okviru festivala \u201ePodgra\u0111e Booktown\u201d.\" \/>\n<meta property=\"og:url\" content=\"https:\/\/kaleidoskopkulture.com\/sr\/promocija-knjige-prickice\/\" \/>\n<meta property=\"og:site_name\" content=\"Kaleidoskop kulture\" \/>\n<meta property=\"article:published_time\" content=\"2021-09-09T13:19:30+00:00\" \/>\n<meta property=\"article:modified_time\" content=\"2021-09-13T15:17:16+00:00\" \/>\n<meta property=\"og:image\" content=\"https:\/\/kaleidoskopkulture.com\/wp-content\/uploads\/2021\/09\/kk2021_sn_template_prickice_srpski335.png\" \/>\n\t<meta property=\"og:image:width\" content=\"2400\" \/>\n\t<meta property=\"og:image:height\" content=\"1260\" \/>\n\t<meta property=\"og:image:type\" content=\"image\/png\" \/>\n<meta name=\"author\" content=\"Milana Rati\u0107\" \/>\n<meta name=\"twitter:card\" content=\"summary_large_image\" \/>\n<meta name=\"twitter:label1\" content=\"Napisano od\" \/>\n\t<meta name=\"twitter:data1\" content=\"Milana Rati\u0107\" \/>\n\t<meta name=\"twitter:label2\" content=\"Procenjeno vreme \u010ditanja\" \/>\n\t<meta name=\"twitter:data2\" content=\"2 minuta\" \/>\n<script type=\"application\/ld+json\" class=\"yoast-schema-graph\">{\"@context\":\"https:\/\/schema.org\",\"@graph\":[{\"@type\":\"Article\",\"@id\":\"https:\/\/kaleidoskopkulture.com\/sr\/promocija-knjige-prickice\/#article\",\"isPartOf\":{\"@id\":\"https:\/\/kaleidoskopkulture.com\/sr\/promocija-knjige-prickice\/\"},\"author\":{\"name\":\"Milana Rati\u0107\",\"@id\":\"https:\/\/kaleidoskopkulture.com\/sr\/#\/schema\/person\/5bb478a7901574f95a4e73f4fd8cebb1\"},\"headline\":\"Promocija knjige \u201ePri\u010dkice\u201d\",\"datePublished\":\"2021-09-09T13:19:30+00:00\",\"dateModified\":\"2021-09-13T15:17:16+00:00\",\"mainEntityOfPage\":{\"@id\":\"https:\/\/kaleidoskopkulture.com\/sr\/promocija-knjige-prickice\/\"},\"wordCount\":366,\"publisher\":{\"@id\":\"https:\/\/kaleidoskopkulture.com\/sr\/#organization\"},\"image\":{\"@id\":\"https:\/\/kaleidoskopkulture.com\/sr\/promocija-knjige-prickice\/#primaryimage\"},\"thumbnailUrl\":\"https:\/\/kaleidoskopkulture.com\/wp-content\/uploads\/2021\/09\/kk2021_sn_template_prickice_srpski338.png\",\"keywords\":[\"nedelja knji\u017eevnosti\"],\"articleSection\":[\"Nedelja knji\u017eevnosti u\u010desnici\",\"U\u010desnici 2021.\"],\"inLanguage\":\"sr-RS\"},{\"@type\":\"WebPage\",\"@id\":\"https:\/\/kaleidoskopkulture.com\/sr\/promocija-knjige-prickice\/\",\"url\":\"https:\/\/kaleidoskopkulture.com\/sr\/promocija-knjige-prickice\/\",\"name\":\"Promocija knjige \u201ePri\u010dkice\u201d na Kaleidoskopu kulture\",\"isPartOf\":{\"@id\":\"https:\/\/kaleidoskopkulture.com\/sr\/#website\"},\"primaryImageOfPage\":{\"@id\":\"https:\/\/kaleidoskopkulture.com\/sr\/promocija-knjige-prickice\/#primaryimage\"},\"image\":{\"@id\":\"https:\/\/kaleidoskopkulture.com\/sr\/promocija-knjige-prickice\/#primaryimage\"},\"thumbnailUrl\":\"https:\/\/kaleidoskopkulture.com\/wp-content\/uploads\/2021\/09\/kk2021_sn_template_prickice_srpski338.png\",\"datePublished\":\"2021-09-09T13:19:30+00:00\",\"dateModified\":\"2021-09-13T15:17:16+00:00\",\"description\":\"Promocija knjige \u201ePri\u010dkice\u201d autorki Jovane Rebe i Jefimije Medi\u0107 bi\u0107e odr\u017eana 19. septembra u 17 sati, u okviru festivala \u201ePodgra\u0111e Booktown\u201d.\",\"breadcrumb\":{\"@id\":\"https:\/\/kaleidoskopkulture.com\/sr\/promocija-knjige-prickice\/#breadcrumb\"},\"inLanguage\":\"sr-RS\",\"potentialAction\":[{\"@type\":\"ReadAction\",\"target\":[\"https:\/\/kaleidoskopkulture.com\/sr\/promocija-knjige-prickice\/\"]}]},{\"@type\":\"ImageObject\",\"inLanguage\":\"sr-RS\",\"@id\":\"https:\/\/kaleidoskopkulture.com\/sr\/promocija-knjige-prickice\/#primaryimage\",\"url\":\"https:\/\/kaleidoskopkulture.com\/wp-content\/uploads\/2021\/09\/kk2021_sn_template_prickice_srpski338.png\",\"contentUrl\":\"https:\/\/kaleidoskopkulture.com\/wp-content\/uploads\/2021\/09\/kk2021_sn_template_prickice_srpski338.png\",\"width\":1617,\"height\":1080,\"caption\":\"pri\u010dkice\"},{\"@type\":\"BreadcrumbList\",\"@id\":\"https:\/\/kaleidoskopkulture.com\/sr\/promocija-knjige-prickice\/#breadcrumb\",\"itemListElement\":[{\"@type\":\"ListItem\",\"position\":1,\"name\":\"Home\",\"item\":\"https:\/\/kaleidoskopkulture.com\/sr\/\"},{\"@type\":\"ListItem\",\"position\":2,\"name\":\"Promocija knjige \u201ePri\u010dkice\u201d\"}]},{\"@type\":\"WebSite\",\"@id\":\"https:\/\/kaleidoskopkulture.com\/sr\/#website\",\"url\":\"https:\/\/kaleidoskopkulture.com\/sr\/\",\"name\":\"Kaleidoskop kulture\",\"description\":\"Novo lice kulture u Novom Sadu\",\"publisher\":{\"@id\":\"https:\/\/kaleidoskopkulture.com\/sr\/#organization\"},\"potentialAction\":[{\"@type\":\"SearchAction\",\"target\":{\"@type\":\"EntryPoint\",\"urlTemplate\":\"https:\/\/kaleidoskopkulture.com\/sr\/?s={search_term_string}\"},\"query-input\":\"required name=search_term_string\"}],\"inLanguage\":\"sr-RS\"},{\"@type\":\"Organization\",\"@id\":\"https:\/\/kaleidoskopkulture.com\/sr\/#organization\",\"name\":\"Kaleidoskop kulture\",\"url\":\"https:\/\/kaleidoskopkulture.com\/sr\/\",\"logo\":{\"@type\":\"ImageObject\",\"inLanguage\":\"sr-RS\",\"@id\":\"https:\/\/kaleidoskopkulture.com\/sr\/#\/schema\/logo\/image\/\",\"url\":\"https:\/\/kaleidoskopkulture.com\/wp-content\/uploads\/2022\/08\/cropped-kk-logo-1-1.png\",\"contentUrl\":\"https:\/\/kaleidoskopkulture.com\/wp-content\/uploads\/2022\/08\/cropped-kk-logo-1-1.png\",\"width\":260,\"height\":90,\"caption\":\"Kaleidoskop kulture\"},\"image\":{\"@id\":\"https:\/\/kaleidoskopkulture.com\/sr\/#\/schema\/logo\/image\/\"}},{\"@type\":\"Person\",\"@id\":\"https:\/\/kaleidoskopkulture.com\/sr\/#\/schema\/person\/5bb478a7901574f95a4e73f4fd8cebb1\",\"name\":\"Milana Rati\u0107\",\"image\":{\"@type\":\"ImageObject\",\"inLanguage\":\"sr-RS\",\"@id\":\"https:\/\/kaleidoskopkulture.com\/sr\/#\/schema\/person\/image\/\",\"url\":\"https:\/\/secure.gravatar.com\/avatar\/3ff80e830bacddd25af3f575bedcdd71?s=96&d=mm&r=g\",\"contentUrl\":\"https:\/\/secure.gravatar.com\/avatar\/3ff80e830bacddd25af3f575bedcdd71?s=96&d=mm&r=g\",\"caption\":\"Milana Rati\u0107\"}}]}<\/script>\n<!-- \/ Yoast SEO plugin. -->","yoast_head_json":{"title":"Promocija knjige \u201ePri\u010dkice\u201d na Kaleidoskopu kulture","description":"Promocija knjige \u201ePri\u010dkice\u201d autorki Jovane Rebe i Jefimije Medi\u0107 bi\u0107e odr\u017eana 19. septembra u 17 sati, u okviru festivala \u201ePodgra\u0111e Booktown\u201d.","robots":{"index":"index","follow":"follow","max-snippet":"max-snippet:-1","max-image-preview":"max-image-preview:large","max-video-preview":"max-video-preview:-1"},"canonical":"https:\/\/kaleidoskopkulture.com\/sr\/promocija-knjige-prickice\/","og_locale":"sr_RS","og_type":"article","og_title":"Promocija knjige \u201ePri\u010dkice\u201d na Kaleidoskopu kulture","og_description":"Promocija knjige \u201ePri\u010dkice\u201d autorki Jovane Rebe i Jefimije Medi\u0107 bi\u0107e odr\u017eana 19. septembra u 17 sati, u okviru festivala \u201ePodgra\u0111e Booktown\u201d.","og_url":"https:\/\/kaleidoskopkulture.com\/sr\/promocija-knjige-prickice\/","og_site_name":"Kaleidoskop kulture","article_published_time":"2021-09-09T13:19:30+00:00","article_modified_time":"2021-09-13T15:17:16+00:00","og_image":[{"width":2400,"height":1260,"url":"https:\/\/kaleidoskopkulture.com\/wp-content\/uploads\/2021\/09\/kk2021_sn_template_prickice_srpski335.png","type":"image\/png"}],"author":"Milana Rati\u0107","twitter_card":"summary_large_image","twitter_misc":{"Napisano od":"Milana Rati\u0107","Procenjeno vreme \u010ditanja":"2 minuta"},"schema":{"@context":"https:\/\/schema.org","@graph":[{"@type":"Article","@id":"https:\/\/kaleidoskopkulture.com\/sr\/promocija-knjige-prickice\/#article","isPartOf":{"@id":"https:\/\/kaleidoskopkulture.com\/sr\/promocija-knjige-prickice\/"},"author":{"name":"Milana Rati\u0107","@id":"https:\/\/kaleidoskopkulture.com\/sr\/#\/schema\/person\/5bb478a7901574f95a4e73f4fd8cebb1"},"headline":"Promocija knjige \u201ePri\u010dkice\u201d","datePublished":"2021-09-09T13:19:30+00:00","dateModified":"2021-09-13T15:17:16+00:00","mainEntityOfPage":{"@id":"https:\/\/kaleidoskopkulture.com\/sr\/promocija-knjige-prickice\/"},"wordCount":366,"publisher":{"@id":"https:\/\/kaleidoskopkulture.com\/sr\/#organization"},"image":{"@id":"https:\/\/kaleidoskopkulture.com\/sr\/promocija-knjige-prickice\/#primaryimage"},"thumbnailUrl":"https:\/\/kaleidoskopkulture.com\/wp-content\/uploads\/2021\/09\/kk2021_sn_template_prickice_srpski338.png","keywords":["nedelja knji\u017eevnosti"],"articleSection":["Nedelja knji\u017eevnosti u\u010desnici","U\u010desnici 2021."],"inLanguage":"sr-RS"},{"@type":"WebPage","@id":"https:\/\/kaleidoskopkulture.com\/sr\/promocija-knjige-prickice\/","url":"https:\/\/kaleidoskopkulture.com\/sr\/promocija-knjige-prickice\/","name":"Promocija knjige \u201ePri\u010dkice\u201d na Kaleidoskopu kulture","isPartOf":{"@id":"https:\/\/kaleidoskopkulture.com\/sr\/#website"},"primaryImageOfPage":{"@id":"https:\/\/kaleidoskopkulture.com\/sr\/promocija-knjige-prickice\/#primaryimage"},"image":{"@id":"https:\/\/kaleidoskopkulture.com\/sr\/promocija-knjige-prickice\/#primaryimage"},"thumbnailUrl":"https:\/\/kaleidoskopkulture.com\/wp-content\/uploads\/2021\/09\/kk2021_sn_template_prickice_srpski338.png","datePublished":"2021-09-09T13:19:30+00:00","dateModified":"2021-09-13T15:17:16+00:00","description":"Promocija knjige \u201ePri\u010dkice\u201d autorki Jovane Rebe i Jefimije Medi\u0107 bi\u0107e odr\u017eana 19. septembra u 17 sati, u okviru festivala \u201ePodgra\u0111e Booktown\u201d.","breadcrumb":{"@id":"https:\/\/kaleidoskopkulture.com\/sr\/promocija-knjige-prickice\/#breadcrumb"},"inLanguage":"sr-RS","potentialAction":[{"@type":"ReadAction","target":["https:\/\/kaleidoskopkulture.com\/sr\/promocija-knjige-prickice\/"]}]},{"@type":"ImageObject","inLanguage":"sr-RS","@id":"https:\/\/kaleidoskopkulture.com\/sr\/promocija-knjige-prickice\/#primaryimage","url":"https:\/\/kaleidoskopkulture.com\/wp-content\/uploads\/2021\/09\/kk2021_sn_template_prickice_srpski338.png","contentUrl":"https:\/\/kaleidoskopkulture.com\/wp-content\/uploads\/2021\/09\/kk2021_sn_template_prickice_srpski338.png","width":1617,"height":1080,"caption":"pri\u010dkice"},{"@type":"BreadcrumbList","@id":"https:\/\/kaleidoskopkulture.com\/sr\/promocija-knjige-prickice\/#breadcrumb","itemListElement":[{"@type":"ListItem","position":1,"name":"Home","item":"https:\/\/kaleidoskopkulture.com\/sr\/"},{"@type":"ListItem","position":2,"name":"Promocija knjige \u201ePri\u010dkice\u201d"}]},{"@type":"WebSite","@id":"https:\/\/kaleidoskopkulture.com\/sr\/#website","url":"https:\/\/kaleidoskopkulture.com\/sr\/","name":"Kaleidoskop kulture","description":"Novo lice kulture u Novom Sadu","publisher":{"@id":"https:\/\/kaleidoskopkulture.com\/sr\/#organization"},"potentialAction":[{"@type":"SearchAction","target":{"@type":"EntryPoint","urlTemplate":"https:\/\/kaleidoskopkulture.com\/sr\/?s={search_term_string}"},"query-input":"required name=search_term_string"}],"inLanguage":"sr-RS"},{"@type":"Organization","@id":"https:\/\/kaleidoskopkulture.com\/sr\/#organization","name":"Kaleidoskop kulture","url":"https:\/\/kaleidoskopkulture.com\/sr\/","logo":{"@type":"ImageObject","inLanguage":"sr-RS","@id":"https:\/\/kaleidoskopkulture.com\/sr\/#\/schema\/logo\/image\/","url":"https:\/\/kaleidoskopkulture.com\/wp-content\/uploads\/2022\/08\/cropped-kk-logo-1-1.png","contentUrl":"https:\/\/kaleidoskopkulture.com\/wp-content\/uploads\/2022\/08\/cropped-kk-logo-1-1.png","width":260,"height":90,"caption":"Kaleidoskop kulture"},"image":{"@id":"https:\/\/kaleidoskopkulture.com\/sr\/#\/schema\/logo\/image\/"}},{"@type":"Person","@id":"https:\/\/kaleidoskopkulture.com\/sr\/#\/schema\/person\/5bb478a7901574f95a4e73f4fd8cebb1","name":"Milana Rati\u0107","image":{"@type":"ImageObject","inLanguage":"sr-RS","@id":"https:\/\/kaleidoskopkulture.com\/sr\/#\/schema\/person\/image\/","url":"https:\/\/secure.gravatar.com\/avatar\/3ff80e830bacddd25af3f575bedcdd71?s=96&d=mm&r=g","contentUrl":"https:\/\/secure.gravatar.com\/avatar\/3ff80e830bacddd25af3f575bedcdd71?s=96&d=mm&r=g","caption":"Milana Rati\u0107"}}]}},"_links":{"self":[{"href":"https:\/\/kaleidoskopkulture.com\/sr\/wp-json\/wp\/v2\/posts\/5035","targetHints":{"allow":["GET"]}}],"collection":[{"href":"https:\/\/kaleidoskopkulture.com\/sr\/wp-json\/wp\/v2\/posts"}],"about":[{"href":"https:\/\/kaleidoskopkulture.com\/sr\/wp-json\/wp\/v2\/types\/post"}],"author":[{"embeddable":true,"href":"https:\/\/kaleidoskopkulture.com\/sr\/wp-json\/wp\/v2\/users\/7"}],"replies":[{"embeddable":true,"href":"https:\/\/kaleidoskopkulture.com\/sr\/wp-json\/wp\/v2\/comments?post=5035"}],"version-history":[{"count":2,"href":"https:\/\/kaleidoskopkulture.com\/sr\/wp-json\/wp\/v2\/posts\/5035\/revisions"}],"predecessor-version":[{"id":5260,"href":"https:\/\/kaleidoskopkulture.com\/sr\/wp-json\/wp\/v2\/posts\/5035\/revisions\/5260"}],"wp:featuredmedia":[{"embeddable":true,"href":"https:\/\/kaleidoskopkulture.com\/sr\/wp-json\/wp\/v2\/media\/5062"}],"wp:attachment":[{"href":"https:\/\/kaleidoskopkulture.com\/sr\/wp-json\/wp\/v2\/media?parent=5035"}],"wp:term":[{"taxonomy":"category","embeddable":true,"href":"https:\/\/kaleidoskopkulture.com\/sr\/wp-json\/wp\/v2\/categories?post=5035"},{"taxonomy":"post_tag","embeddable":true,"href":"https:\/\/kaleidoskopkulture.com\/sr\/wp-json\/wp\/v2\/tags?post=5035"}],"curies":[{"name":"wp","href":"https:\/\/api.w.org\/{rel}","templated":true}]}}