{"id":3422,"date":"2021-08-17T13:38:08","date_gmt":"2021-08-17T11:38:08","guid":{"rendered":"https:\/\/kaleidoskopkulture.com\/?p=3422"},"modified":"2021-08-19T13:55:03","modified_gmt":"2021-08-19T11:55:03","slug":"cga-novi-sad","status":"publish","type":"post","link":"https:\/\/kaleidoskopkulture.com\/sr\/cga-novi-sad\/","title":{"rendered":"CGA Novi Sad"},"content":{"rendered":"<p><strong>CGA konferencija (Computer Graphics &amp; Arts Conference) <\/strong>godinama unazad okuplja profesionalce iz oblasti kompjuterske grafike, a u\u010de\u0161\u0107e na <a href=\"https:\/\/kaleidoskopkulture.com\/sr\/\" target=\"_blank\" rel=\"noopener noreferrer\">Kaleidoskopu kulture<\/a> za konferenciju predstavlja prvo izme\u0161tanje van Beograda i ovo \u0107e biti jedinstvena prilika da se u fokus stavi sna\u017ena CGA zajednica u Novom Sadu.<!--more--><\/p>\n<p><strong>U \u010detiri dana otvaranja, od 2. do 5. septembra<\/strong>, digitalni umetnici, stvaraoci video-igara, animatori, profesionalci iz filmske VR\/AR industrije, kao i predstavnici akademske zajednice predstavi\u0107e se posetiocima Kaleidoskopa kulture pod krilaticom <strong><a href=\"https:\/\/kaleidoskopkulture.com\/sr\/spoj-savremenih-tehnologija-i-umetnosti-na-otvaranju-kaleidoskopa-kulture\/\" target=\"_blank\" rel=\"noopener noreferrer\"><em>Enter The MetaClub<\/em><\/a> u Fabrici (ulaz 2) u Kreativnom distriktu.<\/strong><\/p>\n<p>Kompletan CGA program podeljen je u\u00a0<strong>\u010detiri tematske celine<\/strong>:\u00a0<em>CGAcademy, CGArts<\/em>\u00a0na kome je ovoga puta fokus,\u00a0<em>CGAlliance<\/em>\u00a0i\u00a0<em>CGAfterHours<\/em>, pa \u0107e tako deo prate\u0107eg programa biti posve\u0107en popularnom softveru za razvoj interaktivnog digitalnog sadr\u017eaja\u00a0<em>Unreal Engine<\/em>.<\/p>\n<p>Cilj saradnje osniva\u010da CGA konferencije,\u00a0<em>Crater Training Centra<\/em>, Srpske filmske asocijacije i portala VFX Srbija i\u00a0<a href=\"https:\/\/novisad2022.rs\/\" target=\"_blank\" rel=\"noopener noreferrer\">Fondacije \u201eNovi Sad \u2013 Evropska prestonica kulture\u201d<\/a>\u00a0predstavlja kreiranje kontinuirane saradnje i \u010dvrsto povezane zajednice umetnika, tehnologije, audio-vizuelne industrije u svim njenim oblicima i narativima, kao i pokretanje aktivne komunikacije sa op\u0161tom javnosti kroz umetni\u010dke izraze, pod zastavom CGA i Kaleidoskopa kulture.<\/p>\n<hr \/>\n<p><strong>\u010cetvrti\u00a0<a href=\"https:\/\/kaleidoskopkulture.com\/sr\/\" target=\"_blank\" rel=\"noopener noreferrer\">Kaleidoskop kulture<\/a>\u00a0bi\u0107e odr\u017ean od 2. septembra do 8. oktobra 2021.\u00a0<\/strong>Celogodi\u0161nji projekat kulture zajedni\u0161tva \u0107e i ovaj put, tokom\u00a0<strong>pet nedelja<\/strong>, predstavljaju\u0107i\u00a0<strong>pet vrsta umetnosti,<\/strong>\u00a0kroz razli\u010dite\u00a0<strong>procese<\/strong>\u00a0spojiti umetnike, ustanove kulture, nevladine organizacije, gra\u0111ane i posetioce, i na kraju leta prikazati\u00a0<strong>prostore<\/strong>\u00a0i\u00a0<strong>programe<\/strong>\u00a0\u0161irom grada, promovi\u0161u\u0107i<strong>\u00a0jedinstvenu sliku raznolikosti Novog Sada.<\/strong><\/p>\n","protected":false},"excerpt":{"rendered":"<p>CGA konferencija (Computer Graphics &amp; Arts Conference) godinama unazad okuplja profesionalce iz oblasti kompjuterske grafike, a u\u010de\u0161\u0107e na Kaleidoskopu kulture za konferenciju predstavlja prvo izme\u0161tanje van Beograda i ovo \u0107e biti jedinstvena prilika da se u fokus stavi sna\u017ena CGA&#8230;<\/p>\n","protected":false},"author":7,"featured_media":3409,"comment_status":"closed","ping_status":"closed","sticky":false,"template":"","format":"standard","meta":{"footnotes":""},"categories":[295,355],"tags":[368,116,21],"class_list":["post-3422","post","type-post","status-publish","format-standard","has-post-thumbnail","hentry","category-otvaranje-izdvajamo","category-2021-ucesnici","tag-cga","tag-kreativni-distrikt","tag-otvaranje"],"yoast_head":"<!-- This site is optimized with the Yoast SEO plugin v22.4 - https:\/\/yoast.com\/wordpress\/plugins\/seo\/ -->\n<title>CGA Novi Sad: Enter the MetaClub - Kaleidoskop kulture<\/title>\n<meta name=\"description\" content=\"CGA konferencija godinama okuplja profesionalce iz oblasti kompjuterske grafike, a u\u010de\u0161\u0107e na Kaleidoskopu kulture za njih predstavlja prvo izme\u0161tanje van Beograda.\" \/>\n<meta name=\"robots\" content=\"index, follow, max-snippet:-1, max-image-preview:large, max-video-preview:-1\" \/>\n<link rel=\"canonical\" href=\"https:\/\/kaleidoskopkulture.com\/sr\/cga-novi-sad\/\" \/>\n<meta property=\"og:locale\" content=\"sr_RS\" \/>\n<meta property=\"og:type\" content=\"article\" \/>\n<meta property=\"og:title\" content=\"CGA Novi Sad: Enter the MetaClub - Kaleidoskop kulture\" \/>\n<meta property=\"og:description\" content=\"CGA konferencija godinama okuplja profesionalce iz oblasti kompjuterske grafike, a u\u010de\u0161\u0107e na Kaleidoskopu kulture za njih predstavlja prvo izme\u0161tanje van Beograda.\" \/>\n<meta property=\"og:url\" content=\"https:\/\/kaleidoskopkulture.com\/sr\/cga-novi-sad\/\" \/>\n<meta property=\"og:site_name\" content=\"Kaleidoskop kulture\" \/>\n<meta property=\"article:published_time\" content=\"2021-08-17T11:38:08+00:00\" \/>\n<meta property=\"article:modified_time\" content=\"2021-08-19T11:55:03+00:00\" \/>\n<meta property=\"og:image\" content=\"https:\/\/kaleidoskopkulture.com\/wp-content\/uploads\/2021\/08\/kk2021_sn_template_otvaranje_CGA6-1024x538.png\" \/>\n\t<meta property=\"og:image:width\" content=\"1024\" \/>\n\t<meta property=\"og:image:height\" content=\"538\" \/>\n\t<meta property=\"og:image:type\" content=\"image\/png\" \/>\n<meta name=\"author\" content=\"Milana Rati\u0107\" \/>\n<meta name=\"twitter:card\" content=\"summary_large_image\" \/>\n<meta name=\"twitter:label1\" content=\"Napisano od\" \/>\n\t<meta name=\"twitter:data1\" content=\"Milana Rati\u0107\" \/>\n\t<meta name=\"twitter:label2\" content=\"Procenjeno vreme \u010ditanja\" \/>\n\t<meta name=\"twitter:data2\" content=\"1 minut\" \/>\n<script type=\"application\/ld+json\" class=\"yoast-schema-graph\">{\"@context\":\"https:\/\/schema.org\",\"@graph\":[{\"@type\":\"Article\",\"@id\":\"https:\/\/kaleidoskopkulture.com\/sr\/cga-novi-sad\/#article\",\"isPartOf\":{\"@id\":\"https:\/\/kaleidoskopkulture.com\/sr\/cga-novi-sad\/\"},\"author\":{\"name\":\"Milana Rati\u0107\",\"@id\":\"https:\/\/kaleidoskopkulture.com\/sr\/#\/schema\/person\/5bb478a7901574f95a4e73f4fd8cebb1\"},\"headline\":\"CGA Novi Sad\",\"datePublished\":\"2021-08-17T11:38:08+00:00\",\"dateModified\":\"2021-08-19T11:55:03+00:00\",\"mainEntityOfPage\":{\"@id\":\"https:\/\/kaleidoskopkulture.com\/sr\/cga-novi-sad\/\"},\"wordCount\":252,\"publisher\":{\"@id\":\"https:\/\/kaleidoskopkulture.com\/sr\/#organization\"},\"image\":{\"@id\":\"https:\/\/kaleidoskopkulture.com\/sr\/cga-novi-sad\/#primaryimage\"},\"thumbnailUrl\":\"https:\/\/kaleidoskopkulture.com\/wp-content\/uploads\/2021\/08\/kk2021_sn_template_otvaranje_CGA9_website.png\",\"keywords\":[\"CGA\",\"kreativni distrikt\",\"otvaranje\"],\"articleSection\":[\"Otvaranje \u2013 u\u010desnici\",\"U\u010desnici 2021.\"],\"inLanguage\":\"sr-RS\"},{\"@type\":\"WebPage\",\"@id\":\"https:\/\/kaleidoskopkulture.com\/sr\/cga-novi-sad\/\",\"url\":\"https:\/\/kaleidoskopkulture.com\/sr\/cga-novi-sad\/\",\"name\":\"CGA Novi Sad: Enter the MetaClub - Kaleidoskop kulture\",\"isPartOf\":{\"@id\":\"https:\/\/kaleidoskopkulture.com\/sr\/#website\"},\"primaryImageOfPage\":{\"@id\":\"https:\/\/kaleidoskopkulture.com\/sr\/cga-novi-sad\/#primaryimage\"},\"image\":{\"@id\":\"https:\/\/kaleidoskopkulture.com\/sr\/cga-novi-sad\/#primaryimage\"},\"thumbnailUrl\":\"https:\/\/kaleidoskopkulture.com\/wp-content\/uploads\/2021\/08\/kk2021_sn_template_otvaranje_CGA9_website.png\",\"datePublished\":\"2021-08-17T11:38:08+00:00\",\"dateModified\":\"2021-08-19T11:55:03+00:00\",\"description\":\"CGA konferencija godinama okuplja profesionalce iz oblasti kompjuterske grafike, a u\u010de\u0161\u0107e na Kaleidoskopu kulture za njih predstavlja prvo izme\u0161tanje van Beograda.\",\"breadcrumb\":{\"@id\":\"https:\/\/kaleidoskopkulture.com\/sr\/cga-novi-sad\/#breadcrumb\"},\"inLanguage\":\"sr-RS\",\"potentialAction\":[{\"@type\":\"ReadAction\",\"target\":[\"https:\/\/kaleidoskopkulture.com\/sr\/cga-novi-sad\/\"]}]},{\"@type\":\"ImageObject\",\"inLanguage\":\"sr-RS\",\"@id\":\"https:\/\/kaleidoskopkulture.com\/sr\/cga-novi-sad\/#primaryimage\",\"url\":\"https:\/\/kaleidoskopkulture.com\/wp-content\/uploads\/2021\/08\/kk2021_sn_template_otvaranje_CGA9_website.png\",\"contentUrl\":\"https:\/\/kaleidoskopkulture.com\/wp-content\/uploads\/2021\/08\/kk2021_sn_template_otvaranje_CGA9_website.png\",\"width\":1617,\"height\":1080,\"caption\":\"cga\"},{\"@type\":\"BreadcrumbList\",\"@id\":\"https:\/\/kaleidoskopkulture.com\/sr\/cga-novi-sad\/#breadcrumb\",\"itemListElement\":[{\"@type\":\"ListItem\",\"position\":1,\"name\":\"Home\",\"item\":\"https:\/\/kaleidoskopkulture.com\/sr\/\"},{\"@type\":\"ListItem\",\"position\":2,\"name\":\"CGA Novi Sad\"}]},{\"@type\":\"WebSite\",\"@id\":\"https:\/\/kaleidoskopkulture.com\/sr\/#website\",\"url\":\"https:\/\/kaleidoskopkulture.com\/sr\/\",\"name\":\"Kaleidoskop kulture\",\"description\":\"Novo lice kulture u Novom Sadu\",\"publisher\":{\"@id\":\"https:\/\/kaleidoskopkulture.com\/sr\/#organization\"},\"potentialAction\":[{\"@type\":\"SearchAction\",\"target\":{\"@type\":\"EntryPoint\",\"urlTemplate\":\"https:\/\/kaleidoskopkulture.com\/sr\/?s={search_term_string}\"},\"query-input\":\"required name=search_term_string\"}],\"inLanguage\":\"sr-RS\"},{\"@type\":\"Organization\",\"@id\":\"https:\/\/kaleidoskopkulture.com\/sr\/#organization\",\"name\":\"Kaleidoskop kulture\",\"url\":\"https:\/\/kaleidoskopkulture.com\/sr\/\",\"logo\":{\"@type\":\"ImageObject\",\"inLanguage\":\"sr-RS\",\"@id\":\"https:\/\/kaleidoskopkulture.com\/sr\/#\/schema\/logo\/image\/\",\"url\":\"https:\/\/kaleidoskopkulture.com\/wp-content\/uploads\/2022\/08\/cropped-kk-logo-1-1.png\",\"contentUrl\":\"https:\/\/kaleidoskopkulture.com\/wp-content\/uploads\/2022\/08\/cropped-kk-logo-1-1.png\",\"width\":260,\"height\":90,\"caption\":\"Kaleidoskop kulture\"},\"image\":{\"@id\":\"https:\/\/kaleidoskopkulture.com\/sr\/#\/schema\/logo\/image\/\"}},{\"@type\":\"Person\",\"@id\":\"https:\/\/kaleidoskopkulture.com\/sr\/#\/schema\/person\/5bb478a7901574f95a4e73f4fd8cebb1\",\"name\":\"Milana Rati\u0107\",\"image\":{\"@type\":\"ImageObject\",\"inLanguage\":\"sr-RS\",\"@id\":\"https:\/\/kaleidoskopkulture.com\/sr\/#\/schema\/person\/image\/\",\"url\":\"https:\/\/secure.gravatar.com\/avatar\/3ff80e830bacddd25af3f575bedcdd71?s=96&d=mm&r=g\",\"contentUrl\":\"https:\/\/secure.gravatar.com\/avatar\/3ff80e830bacddd25af3f575bedcdd71?s=96&d=mm&r=g\",\"caption\":\"Milana Rati\u0107\"}}]}<\/script>\n<!-- \/ Yoast SEO plugin. -->","yoast_head_json":{"title":"CGA Novi Sad: Enter the MetaClub - Kaleidoskop kulture","description":"CGA konferencija godinama okuplja profesionalce iz oblasti kompjuterske grafike, a u\u010de\u0161\u0107e na Kaleidoskopu kulture za njih predstavlja prvo izme\u0161tanje van Beograda.","robots":{"index":"index","follow":"follow","max-snippet":"max-snippet:-1","max-image-preview":"max-image-preview:large","max-video-preview":"max-video-preview:-1"},"canonical":"https:\/\/kaleidoskopkulture.com\/sr\/cga-novi-sad\/","og_locale":"sr_RS","og_type":"article","og_title":"CGA Novi Sad: Enter the MetaClub - Kaleidoskop kulture","og_description":"CGA konferencija godinama okuplja profesionalce iz oblasti kompjuterske grafike, a u\u010de\u0161\u0107e na Kaleidoskopu kulture za njih predstavlja prvo izme\u0161tanje van Beograda.","og_url":"https:\/\/kaleidoskopkulture.com\/sr\/cga-novi-sad\/","og_site_name":"Kaleidoskop kulture","article_published_time":"2021-08-17T11:38:08+00:00","article_modified_time":"2021-08-19T11:55:03+00:00","og_image":[{"width":1024,"height":538,"url":"https:\/\/kaleidoskopkulture.com\/wp-content\/uploads\/2021\/08\/kk2021_sn_template_otvaranje_CGA6-1024x538.png","type":"image\/png"}],"author":"Milana Rati\u0107","twitter_card":"summary_large_image","twitter_misc":{"Napisano od":"Milana Rati\u0107","Procenjeno vreme \u010ditanja":"1 minut"},"schema":{"@context":"https:\/\/schema.org","@graph":[{"@type":"Article","@id":"https:\/\/kaleidoskopkulture.com\/sr\/cga-novi-sad\/#article","isPartOf":{"@id":"https:\/\/kaleidoskopkulture.com\/sr\/cga-novi-sad\/"},"author":{"name":"Milana Rati\u0107","@id":"https:\/\/kaleidoskopkulture.com\/sr\/#\/schema\/person\/5bb478a7901574f95a4e73f4fd8cebb1"},"headline":"CGA Novi Sad","datePublished":"2021-08-17T11:38:08+00:00","dateModified":"2021-08-19T11:55:03+00:00","mainEntityOfPage":{"@id":"https:\/\/kaleidoskopkulture.com\/sr\/cga-novi-sad\/"},"wordCount":252,"publisher":{"@id":"https:\/\/kaleidoskopkulture.com\/sr\/#organization"},"image":{"@id":"https:\/\/kaleidoskopkulture.com\/sr\/cga-novi-sad\/#primaryimage"},"thumbnailUrl":"https:\/\/kaleidoskopkulture.com\/wp-content\/uploads\/2021\/08\/kk2021_sn_template_otvaranje_CGA9_website.png","keywords":["CGA","kreativni distrikt","otvaranje"],"articleSection":["Otvaranje \u2013 u\u010desnici","U\u010desnici 2021."],"inLanguage":"sr-RS"},{"@type":"WebPage","@id":"https:\/\/kaleidoskopkulture.com\/sr\/cga-novi-sad\/","url":"https:\/\/kaleidoskopkulture.com\/sr\/cga-novi-sad\/","name":"CGA Novi Sad: Enter the MetaClub - Kaleidoskop kulture","isPartOf":{"@id":"https:\/\/kaleidoskopkulture.com\/sr\/#website"},"primaryImageOfPage":{"@id":"https:\/\/kaleidoskopkulture.com\/sr\/cga-novi-sad\/#primaryimage"},"image":{"@id":"https:\/\/kaleidoskopkulture.com\/sr\/cga-novi-sad\/#primaryimage"},"thumbnailUrl":"https:\/\/kaleidoskopkulture.com\/wp-content\/uploads\/2021\/08\/kk2021_sn_template_otvaranje_CGA9_website.png","datePublished":"2021-08-17T11:38:08+00:00","dateModified":"2021-08-19T11:55:03+00:00","description":"CGA konferencija godinama okuplja profesionalce iz oblasti kompjuterske grafike, a u\u010de\u0161\u0107e na Kaleidoskopu kulture za njih predstavlja prvo izme\u0161tanje van Beograda.","breadcrumb":{"@id":"https:\/\/kaleidoskopkulture.com\/sr\/cga-novi-sad\/#breadcrumb"},"inLanguage":"sr-RS","potentialAction":[{"@type":"ReadAction","target":["https:\/\/kaleidoskopkulture.com\/sr\/cga-novi-sad\/"]}]},{"@type":"ImageObject","inLanguage":"sr-RS","@id":"https:\/\/kaleidoskopkulture.com\/sr\/cga-novi-sad\/#primaryimage","url":"https:\/\/kaleidoskopkulture.com\/wp-content\/uploads\/2021\/08\/kk2021_sn_template_otvaranje_CGA9_website.png","contentUrl":"https:\/\/kaleidoskopkulture.com\/wp-content\/uploads\/2021\/08\/kk2021_sn_template_otvaranje_CGA9_website.png","width":1617,"height":1080,"caption":"cga"},{"@type":"BreadcrumbList","@id":"https:\/\/kaleidoskopkulture.com\/sr\/cga-novi-sad\/#breadcrumb","itemListElement":[{"@type":"ListItem","position":1,"name":"Home","item":"https:\/\/kaleidoskopkulture.com\/sr\/"},{"@type":"ListItem","position":2,"name":"CGA Novi Sad"}]},{"@type":"WebSite","@id":"https:\/\/kaleidoskopkulture.com\/sr\/#website","url":"https:\/\/kaleidoskopkulture.com\/sr\/","name":"Kaleidoskop kulture","description":"Novo lice kulture u Novom Sadu","publisher":{"@id":"https:\/\/kaleidoskopkulture.com\/sr\/#organization"},"potentialAction":[{"@type":"SearchAction","target":{"@type":"EntryPoint","urlTemplate":"https:\/\/kaleidoskopkulture.com\/sr\/?s={search_term_string}"},"query-input":"required name=search_term_string"}],"inLanguage":"sr-RS"},{"@type":"Organization","@id":"https:\/\/kaleidoskopkulture.com\/sr\/#organization","name":"Kaleidoskop kulture","url":"https:\/\/kaleidoskopkulture.com\/sr\/","logo":{"@type":"ImageObject","inLanguage":"sr-RS","@id":"https:\/\/kaleidoskopkulture.com\/sr\/#\/schema\/logo\/image\/","url":"https:\/\/kaleidoskopkulture.com\/wp-content\/uploads\/2022\/08\/cropped-kk-logo-1-1.png","contentUrl":"https:\/\/kaleidoskopkulture.com\/wp-content\/uploads\/2022\/08\/cropped-kk-logo-1-1.png","width":260,"height":90,"caption":"Kaleidoskop kulture"},"image":{"@id":"https:\/\/kaleidoskopkulture.com\/sr\/#\/schema\/logo\/image\/"}},{"@type":"Person","@id":"https:\/\/kaleidoskopkulture.com\/sr\/#\/schema\/person\/5bb478a7901574f95a4e73f4fd8cebb1","name":"Milana Rati\u0107","image":{"@type":"ImageObject","inLanguage":"sr-RS","@id":"https:\/\/kaleidoskopkulture.com\/sr\/#\/schema\/person\/image\/","url":"https:\/\/secure.gravatar.com\/avatar\/3ff80e830bacddd25af3f575bedcdd71?s=96&d=mm&r=g","contentUrl":"https:\/\/secure.gravatar.com\/avatar\/3ff80e830bacddd25af3f575bedcdd71?s=96&d=mm&r=g","caption":"Milana Rati\u0107"}}]}},"_links":{"self":[{"href":"https:\/\/kaleidoskopkulture.com\/sr\/wp-json\/wp\/v2\/posts\/3422","targetHints":{"allow":["GET"]}}],"collection":[{"href":"https:\/\/kaleidoskopkulture.com\/sr\/wp-json\/wp\/v2\/posts"}],"about":[{"href":"https:\/\/kaleidoskopkulture.com\/sr\/wp-json\/wp\/v2\/types\/post"}],"author":[{"embeddable":true,"href":"https:\/\/kaleidoskopkulture.com\/sr\/wp-json\/wp\/v2\/users\/7"}],"replies":[{"embeddable":true,"href":"https:\/\/kaleidoskopkulture.com\/sr\/wp-json\/wp\/v2\/comments?post=3422"}],"version-history":[{"count":1,"href":"https:\/\/kaleidoskopkulture.com\/sr\/wp-json\/wp\/v2\/posts\/3422\/revisions"}],"predecessor-version":[{"id":3423,"href":"https:\/\/kaleidoskopkulture.com\/sr\/wp-json\/wp\/v2\/posts\/3422\/revisions\/3423"}],"wp:featuredmedia":[{"embeddable":true,"href":"https:\/\/kaleidoskopkulture.com\/sr\/wp-json\/wp\/v2\/media\/3409"}],"wp:attachment":[{"href":"https:\/\/kaleidoskopkulture.com\/sr\/wp-json\/wp\/v2\/media?parent=3422"}],"wp:term":[{"taxonomy":"category","embeddable":true,"href":"https:\/\/kaleidoskopkulture.com\/sr\/wp-json\/wp\/v2\/categories?post=3422"},{"taxonomy":"post_tag","embeddable":true,"href":"https:\/\/kaleidoskopkulture.com\/sr\/wp-json\/wp\/v2\/tags?post=3422"}],"curies":[{"name":"wp","href":"https:\/\/api.w.org\/{rel}","templated":true}]}}