{"id":251,"date":"2019-09-13T00:22:56","date_gmt":"2019-09-12T22:22:56","guid":{"rendered":"https:\/\/kaleidoskopkulture.com\/?p=251"},"modified":"2020-08-27T09:37:37","modified_gmt":"2020-08-27T07:37:37","slug":"svetski-dizajn-u-novom-sadu-dve-velike-izlozbe","status":"publish","type":"post","link":"https:\/\/kaleidoskopkulture.com\/sr\/svetski-dizajn-u-novom-sadu-dve-velike-izlozbe\/","title":{"rendered":"Svetski dizajn u Novom Sadu: U okviru \u201eKaleidoskopa kulture\u201c dve velike izlo\u017ebe na \u017delezni\u010dkoj stanici i u E\u0111\u0161egu"},"content":{"rendered":"\r\n<p>Dve velike izlo\u017ebe dizajna u Novom Sadu u okviru\u00a0<strong>\u201eKaleidoskopa kulture\u201c<\/strong>\u00a0po\u010dinju\u00a0<strong>17. septembra<\/strong>.<\/p>\r\n\r\n\r\n\r\n<p><!--more--><\/p>\r\n\r\n\r\n\r\n<p>Jedan od vode\u0107ih pravaca \u2013 \u0161vajcarski dizajn o\u017eive\u0107e prostor\u00a0<strong>\u017delezni\u010dke stanice<\/strong>, spajaju\u0107i na taj na\u010din nesvakida\u0161nji prostor i program, dok \u0107e izlo\u017eba inovativnog finskog biti u prostoru savremene\u00a0<a href=\"https:\/\/kaleidoskopkulture.com\/sr\/otvaranje-kulturne-stanice-edjseg\/\" target=\"_blank\" rel=\"noopener noreferrer\"><strong>kulturne stanice E\u0111\u0161eg<\/strong><\/a>.<\/p>\r\n\r\n\r\n\r\n<p>Nakon Njujorka, Pekinga i Hong Konga, Novi Sad ima privilegiju da bude doma\u0107in jedne od najzna\u010dajnijih izlo\u017ebi u oblasti dizajna\u00a0<strong>\u201eSwiss style now\u201c<\/strong>\u00a0koja \u0107e biti otvorena\u00a0<strong>u 20.21 \u010das u holu \u017delezni\u010dke stanice<\/strong>\u00a0i prikazati savremene tokove poznatog \u0161vajcarskog stila, kao i neobi\u010dne tehnike \u0161tampe i visokokvalitetne materijale od kojih su sa\u010dinjeni izlo\u017ebeni predmeti.<\/p>\r\n\r\n\r\n\r\n<p>Autori izlo\u017ebe, studio \u201eNeo Neo\u201c, Erik Brehbul, Noel Leu i Aleksander Tokilovski iz \u0160vajcarske ovom izlo\u017ebom kroz preko 320 radova, koje \u010dine plakati, knjige, magazini, omoti za vinil plo\u010de i flajeri, nastoji da upozna publiku sa modernim \u0161vajcarskim dizajnom, dok \u0107e hol \u017delezni\u010de stanice u Novom Sadu postati jedinstveni \u201eDizajn paviljon\u201d.<\/p>\r\n\r\n\r\n\r\n<p>Za\u0161to je i dalje \u0161vajcarski dizajn omiljen me\u0111u stru\u010dnjacima i po \u010demu je prepoznatljiv posetiocima \u0107e pribli\u017eiti jedan od na\u0161ih najpoznatijih grafi\u010dkih dizajnera \u2013\u00a0<strong>Slavimir Stojanovi\u0107 Futro<\/strong>.<\/p>\r\n\r\n\r\n\r\n<p>Izlo\u017eba je realizovana u saradnji \u201eNovi Sad 2021 \u2013 Evropska prestonica kulture\u201c i PDP konferencije kreativnih medija, a bi\u0107e otvorena do 15. oktobra.<\/p>\r\n\r\n\r\n\r\n<p>\u017delezni\u010dka stanica bi\u0107e mesto na kom \u0107e biti predstavljen i projekat pobednika 14. Pra\u0161kog kvadrijenala Filipa Jovanovskog\u00a0<strong>\u201eOva zgrada govori istinu\u201c<\/strong>\u00a0koji se bavi problemom javnih prostora. Performans u okviru tog projekta bi\u0107e izveden najpre\u00a0<strong>22. septembra u 12 sati<\/strong>, zatim uve\u010de u\u00a0<strong>20 \u010dasova<\/strong>, a<strong>\u00a023. i 24. septembra u tri termina: od 12, 17 i 20 sati.<\/strong><\/p>\r\n\r\n\r\n\r\n<figure class=\"wp-block-image size-large\"><img fetchpriority=\"high\" decoding=\"async\" width=\"1024\" height=\"724\" class=\"wp-image-252\" src=\"https:\/\/kaleidoskopkulture.com\/wp-content\/uploads\/2020\/08\/Inovativni-finski-dizajn-1024x724.png\" alt=\"\" srcset=\"https:\/\/kaleidoskopkulture.com\/wp-content\/uploads\/2020\/08\/Inovativni-finski-dizajn-1024x724.png 1024w, https:\/\/kaleidoskopkulture.com\/wp-content\/uploads\/2020\/08\/Inovativni-finski-dizajn-300x212.png 300w, https:\/\/kaleidoskopkulture.com\/wp-content\/uploads\/2020\/08\/Inovativni-finski-dizajn-768x543.png 768w, https:\/\/kaleidoskopkulture.com\/wp-content\/uploads\/2020\/08\/Inovativni-finski-dizajn-1536x1087.png 1536w, https:\/\/kaleidoskopkulture.com\/wp-content\/uploads\/2020\/08\/Inovativni-finski-dizajn.png 1600w\" sizes=\"(max-width: 1024px) 100vw, 1024px\" \/><\/figure>\r\n\r\n\r\n\r\n<h4 class=\"wp-block-heading\">Izlo\u017ebu \u201eInovativni finski dizajn\u201c otvara ambasador Republike Finske<\/h4>\r\n\r\n\r\n\r\n<p>Kako dizajn nalazi primenu u komunikacionim tehnologijama, brodogradnji, zdravstvenoj za\u0161titi, industriji name\u0161taja i mnogim drugim oblastima? Na koji na\u010din nove tehnologije uslovljavaju dizajn? Odgovore na ta i mnoga druga pitanja daje velika izlo\u017eba<strong>\u00a0\u201eInovativni finski dizajn\u201c<\/strong>\u00a0koja \u0107e tako\u0111e biti otvorena\u00a0<strong>17. septembra, u 13 \u010dasova u kulturnoj stanici E\u0111\u0161eg.<\/strong>\u00a0<\/p>\r\n\r\n\r\n\r\n<p>Za Fince dizajn predstavlja na\u010din re\u0161avanja problema, na\u010din da se primene nove tehnike i tehnologije po kojima su karakteristi\u010dni i priliku za razvoj usluga i novih poslovnih mogu\u0107nosti.<\/p>\r\n\r\n\r\n\r\n<p>Autor izlo\u017ebe je Jarno Peltonen, nekada\u0161nji direktor Muzeja dizajna u Helsinkiju koji je ovim putem \u017eeleo da uka\u017ee na zna\u010daj dizajna za Fince.<\/p>\r\n\r\n\r\n\r\n<p><strong>Izlo\u017ebu \u0107e sve\u010dano otvoriti ambasador Republike Finske Kimo Lahdevirta.<\/strong><\/p>\r\n\r\n\r\n\r\n<p>Izlo\u017eba \u010dini deo programa\u00a0<strong>Nedelja finske kulture<\/strong>\u00a0koju prate raznovrsni programi, poput radionica za decu i knji\u017eevne ve\u010deri, \u0161to je jedinstvena prilika da se bli\u017ee upoznamo ne samo sa dizajnom, ve\u0107 i kulturom i na\u010dinom \u017eivota Finske. Izlo\u017eba se realizuje u saradnji Finske ambasade i projekta \u201eNovi Sad 2021 \u2013 Evropska prestonica kulture\u201c, a bi\u0107e otvorena do 22. septembra.<\/p>\r\n\r\n\r\n\r\n<p>\u201eKaleidoskop kulture\u201c je programski luk iza kog stoji <a href=\"https:\/\/novisad2021.rs\/\" target=\"_blank\" rel=\"noopener noreferrer\">\u201eNovi Sad 2021 \u2013 Evropska prestonica kulture\u201c<\/a> koji po drugi put, na vi\u0161e od 80 lokacija, od 24. avgusta do 30. septembra, kroz kulturu zajedni\u0161tva pretvara Novi Sad u \u201egrad scenu\u201c.<\/p>\r\n\r\n\r\n\r\n<p>Deo \u201eKaleidoskopa kulture\u201c su Festival uli\u010dnih svira\u010da \u2013 Gradi\u0107 fest, Piano city Novi Sad, Festival kamerne muzike i mnogi drugi.<\/p>\r\n\r\n\r\n\r\n<p>Druga\u010diji po tome \u0161to povezuje prostore i programe, kao i same aktere: od ustanova kulture, vaninstitucionalne scene, umetnika do samih gra\u0111ana, \u201eKaleidoskop\u201c kroz vi\u0161e umetnosti predstavlja jedinstvenu sliku raznolikosti Novog Sada.<\/p>\r\n\r\n\r\n\r\n<p>Sa vi\u0161e od 400 programa svako \u0107e biti u prilici da oblikuje svoj kaleidoskop kulture.<\/p>\r\n","protected":false},"excerpt":{"rendered":"<p>Dve velike izlo\u017ebe dizajna u Novom Sadu u okviru\u00a0\u201eKaleidoskopa kulture\u201c\u00a0po\u010dinju\u00a017. septembra.<\/p>\n","protected":false},"author":7,"featured_media":254,"comment_status":"closed","ping_status":"closed","sticky":false,"template":"","format":"standard","meta":{"footnotes":""},"categories":[30],"tags":[36],"class_list":["post-251","post","type-post","status-publish","format-standard","has-post-thumbnail","hentry","category-kaleidoskop-kulture-2019","tag-kaleidoskop-kulture-2019"],"yoast_head":"<!-- This site is optimized with the Yoast SEO plugin v22.4 - https:\/\/yoast.com\/wordpress\/plugins\/seo\/ -->\n<title>Dve velike izlo\u017ebe na \u017delezni\u010dkoj stanici i u E\u0111\u0161egu<\/title>\n<meta name=\"description\" content=\"Dve velike izlo\u017ebe dizajna u Novom Sadu u okviru\u00a0\u201eKaleidoskopa kulture\u201c\u00a0po\u010dinju\u00a017. septembra.\" \/>\n<meta name=\"robots\" content=\"index, follow, max-snippet:-1, max-image-preview:large, max-video-preview:-1\" \/>\n<link rel=\"canonical\" href=\"https:\/\/kaleidoskopkulture.com\/sr\/svetski-dizajn-u-novom-sadu-dve-velike-izlozbe\/\" \/>\n<meta property=\"og:locale\" content=\"sr_RS\" \/>\n<meta property=\"og:type\" content=\"article\" \/>\n<meta property=\"og:title\" content=\"Dve velike izlo\u017ebe na \u017delezni\u010dkoj stanici i u E\u0111\u0161egu\" \/>\n<meta property=\"og:description\" content=\"Dve velike izlo\u017ebe dizajna u Novom Sadu u okviru\u00a0\u201eKaleidoskopa kulture\u201c\u00a0po\u010dinju\u00a017. septembra.\" \/>\n<meta property=\"og:url\" content=\"https:\/\/kaleidoskopkulture.com\/sr\/svetski-dizajn-u-novom-sadu-dve-velike-izlozbe\/\" \/>\n<meta property=\"og:site_name\" content=\"Kaleidoskop kulture\" \/>\n<meta property=\"article:published_time\" content=\"2019-09-12T22:22:56+00:00\" \/>\n<meta property=\"article:modified_time\" content=\"2020-08-27T07:37:37+00:00\" \/>\n<meta property=\"og:image\" content=\"https:\/\/kaleidoskopkulture.com\/wp-content\/uploads\/2020\/08\/Swiss-style-now.png\" \/>\n\t<meta property=\"og:image:width\" content=\"1600\" \/>\n\t<meta property=\"og:image:height\" content=\"900\" \/>\n\t<meta property=\"og:image:type\" content=\"image\/png\" \/>\n<meta name=\"author\" content=\"Milana Rati\u0107\" \/>\n<meta name=\"twitter:card\" content=\"summary_large_image\" \/>\n<meta name=\"twitter:label1\" content=\"Napisano od\" \/>\n\t<meta name=\"twitter:data1\" content=\"Milana Rati\u0107\" \/>\n\t<meta name=\"twitter:label2\" content=\"Procenjeno vreme \u010ditanja\" \/>\n\t<meta name=\"twitter:data2\" content=\"3 minuta\" \/>\n<script type=\"application\/ld+json\" class=\"yoast-schema-graph\">{\"@context\":\"https:\/\/schema.org\",\"@graph\":[{\"@type\":\"Article\",\"@id\":\"https:\/\/kaleidoskopkulture.com\/sr\/svetski-dizajn-u-novom-sadu-dve-velike-izlozbe\/#article\",\"isPartOf\":{\"@id\":\"https:\/\/kaleidoskopkulture.com\/sr\/svetski-dizajn-u-novom-sadu-dve-velike-izlozbe\/\"},\"author\":{\"name\":\"Milana Rati\u0107\",\"@id\":\"https:\/\/kaleidoskopkulture.com\/sr\/#\/schema\/person\/5bb478a7901574f95a4e73f4fd8cebb1\"},\"headline\":\"Svetski dizajn u Novom Sadu: U okviru \u201eKaleidoskopa kulture\u201c dve velike izlo\u017ebe na \u017delezni\u010dkoj stanici i u E\u0111\u0161egu\",\"datePublished\":\"2019-09-12T22:22:56+00:00\",\"dateModified\":\"2020-08-27T07:37:37+00:00\",\"mainEntityOfPage\":{\"@id\":\"https:\/\/kaleidoskopkulture.com\/sr\/svetski-dizajn-u-novom-sadu-dve-velike-izlozbe\/\"},\"wordCount\":602,\"publisher\":{\"@id\":\"https:\/\/kaleidoskopkulture.com\/sr\/#organization\"},\"image\":{\"@id\":\"https:\/\/kaleidoskopkulture.com\/sr\/svetski-dizajn-u-novom-sadu-dve-velike-izlozbe\/#primaryimage\"},\"thumbnailUrl\":\"https:\/\/kaleidoskopkulture.com\/wp-content\/uploads\/2020\/08\/Swiss-style-now.png\",\"keywords\":[\"Kaleidoskop kulture 2019\"],\"articleSection\":[\"Kaleidoskop kulture 2019.\"],\"inLanguage\":\"sr-RS\"},{\"@type\":\"WebPage\",\"@id\":\"https:\/\/kaleidoskopkulture.com\/sr\/svetski-dizajn-u-novom-sadu-dve-velike-izlozbe\/\",\"url\":\"https:\/\/kaleidoskopkulture.com\/sr\/svetski-dizajn-u-novom-sadu-dve-velike-izlozbe\/\",\"name\":\"Dve velike izlo\u017ebe na \u017delezni\u010dkoj stanici i u E\u0111\u0161egu\",\"isPartOf\":{\"@id\":\"https:\/\/kaleidoskopkulture.com\/sr\/#website\"},\"primaryImageOfPage\":{\"@id\":\"https:\/\/kaleidoskopkulture.com\/sr\/svetski-dizajn-u-novom-sadu-dve-velike-izlozbe\/#primaryimage\"},\"image\":{\"@id\":\"https:\/\/kaleidoskopkulture.com\/sr\/svetski-dizajn-u-novom-sadu-dve-velike-izlozbe\/#primaryimage\"},\"thumbnailUrl\":\"https:\/\/kaleidoskopkulture.com\/wp-content\/uploads\/2020\/08\/Swiss-style-now.png\",\"datePublished\":\"2019-09-12T22:22:56+00:00\",\"dateModified\":\"2020-08-27T07:37:37+00:00\",\"description\":\"Dve velike izlo\u017ebe dizajna u Novom Sadu u okviru\u00a0\u201eKaleidoskopa kulture\u201c\u00a0po\u010dinju\u00a017. septembra.\",\"breadcrumb\":{\"@id\":\"https:\/\/kaleidoskopkulture.com\/sr\/svetski-dizajn-u-novom-sadu-dve-velike-izlozbe\/#breadcrumb\"},\"inLanguage\":\"sr-RS\",\"potentialAction\":[{\"@type\":\"ReadAction\",\"target\":[\"https:\/\/kaleidoskopkulture.com\/sr\/svetski-dizajn-u-novom-sadu-dve-velike-izlozbe\/\"]}]},{\"@type\":\"ImageObject\",\"inLanguage\":\"sr-RS\",\"@id\":\"https:\/\/kaleidoskopkulture.com\/sr\/svetski-dizajn-u-novom-sadu-dve-velike-izlozbe\/#primaryimage\",\"url\":\"https:\/\/kaleidoskopkulture.com\/wp-content\/uploads\/2020\/08\/Swiss-style-now.png\",\"contentUrl\":\"https:\/\/kaleidoskopkulture.com\/wp-content\/uploads\/2020\/08\/Swiss-style-now.png\",\"width\":1600,\"height\":900,\"caption\":\"Izlo\u017eba Swiss style now\"},{\"@type\":\"BreadcrumbList\",\"@id\":\"https:\/\/kaleidoskopkulture.com\/sr\/svetski-dizajn-u-novom-sadu-dve-velike-izlozbe\/#breadcrumb\",\"itemListElement\":[{\"@type\":\"ListItem\",\"position\":1,\"name\":\"Home\",\"item\":\"https:\/\/kaleidoskopkulture.com\/sr\/\"},{\"@type\":\"ListItem\",\"position\":2,\"name\":\"Svetski dizajn u Novom Sadu: U okviru \u201eKaleidoskopa kulture\u201c dve velike izlo\u017ebe na \u017delezni\u010dkoj stanici i u E\u0111\u0161egu\"}]},{\"@type\":\"WebSite\",\"@id\":\"https:\/\/kaleidoskopkulture.com\/sr\/#website\",\"url\":\"https:\/\/kaleidoskopkulture.com\/sr\/\",\"name\":\"Kaleidoskop kulture\",\"description\":\"Novo lice kulture u Novom Sadu\",\"publisher\":{\"@id\":\"https:\/\/kaleidoskopkulture.com\/sr\/#organization\"},\"potentialAction\":[{\"@type\":\"SearchAction\",\"target\":{\"@type\":\"EntryPoint\",\"urlTemplate\":\"https:\/\/kaleidoskopkulture.com\/sr\/?s={search_term_string}\"},\"query-input\":\"required name=search_term_string\"}],\"inLanguage\":\"sr-RS\"},{\"@type\":\"Organization\",\"@id\":\"https:\/\/kaleidoskopkulture.com\/sr\/#organization\",\"name\":\"Kaleidoskop kulture\",\"url\":\"https:\/\/kaleidoskopkulture.com\/sr\/\",\"logo\":{\"@type\":\"ImageObject\",\"inLanguage\":\"sr-RS\",\"@id\":\"https:\/\/kaleidoskopkulture.com\/sr\/#\/schema\/logo\/image\/\",\"url\":\"https:\/\/kaleidoskopkulture.com\/wp-content\/uploads\/2022\/08\/cropped-kk-logo-1-1.png\",\"contentUrl\":\"https:\/\/kaleidoskopkulture.com\/wp-content\/uploads\/2022\/08\/cropped-kk-logo-1-1.png\",\"width\":260,\"height\":90,\"caption\":\"Kaleidoskop kulture\"},\"image\":{\"@id\":\"https:\/\/kaleidoskopkulture.com\/sr\/#\/schema\/logo\/image\/\"}},{\"@type\":\"Person\",\"@id\":\"https:\/\/kaleidoskopkulture.com\/sr\/#\/schema\/person\/5bb478a7901574f95a4e73f4fd8cebb1\",\"name\":\"Milana Rati\u0107\",\"image\":{\"@type\":\"ImageObject\",\"inLanguage\":\"sr-RS\",\"@id\":\"https:\/\/kaleidoskopkulture.com\/sr\/#\/schema\/person\/image\/\",\"url\":\"https:\/\/secure.gravatar.com\/avatar\/3ff80e830bacddd25af3f575bedcdd71?s=96&d=mm&r=g\",\"contentUrl\":\"https:\/\/secure.gravatar.com\/avatar\/3ff80e830bacddd25af3f575bedcdd71?s=96&d=mm&r=g\",\"caption\":\"Milana Rati\u0107\"}}]}<\/script>\n<!-- \/ Yoast SEO plugin. -->","yoast_head_json":{"title":"Dve velike izlo\u017ebe na \u017delezni\u010dkoj stanici i u E\u0111\u0161egu","description":"Dve velike izlo\u017ebe dizajna u Novom Sadu u okviru\u00a0\u201eKaleidoskopa kulture\u201c\u00a0po\u010dinju\u00a017. septembra.","robots":{"index":"index","follow":"follow","max-snippet":"max-snippet:-1","max-image-preview":"max-image-preview:large","max-video-preview":"max-video-preview:-1"},"canonical":"https:\/\/kaleidoskopkulture.com\/sr\/svetski-dizajn-u-novom-sadu-dve-velike-izlozbe\/","og_locale":"sr_RS","og_type":"article","og_title":"Dve velike izlo\u017ebe na \u017delezni\u010dkoj stanici i u E\u0111\u0161egu","og_description":"Dve velike izlo\u017ebe dizajna u Novom Sadu u okviru\u00a0\u201eKaleidoskopa kulture\u201c\u00a0po\u010dinju\u00a017. septembra.","og_url":"https:\/\/kaleidoskopkulture.com\/sr\/svetski-dizajn-u-novom-sadu-dve-velike-izlozbe\/","og_site_name":"Kaleidoskop kulture","article_published_time":"2019-09-12T22:22:56+00:00","article_modified_time":"2020-08-27T07:37:37+00:00","og_image":[{"width":1600,"height":900,"url":"https:\/\/kaleidoskopkulture.com\/wp-content\/uploads\/2020\/08\/Swiss-style-now.png","type":"image\/png"}],"author":"Milana Rati\u0107","twitter_card":"summary_large_image","twitter_misc":{"Napisano od":"Milana Rati\u0107","Procenjeno vreme \u010ditanja":"3 minuta"},"schema":{"@context":"https:\/\/schema.org","@graph":[{"@type":"Article","@id":"https:\/\/kaleidoskopkulture.com\/sr\/svetski-dizajn-u-novom-sadu-dve-velike-izlozbe\/#article","isPartOf":{"@id":"https:\/\/kaleidoskopkulture.com\/sr\/svetski-dizajn-u-novom-sadu-dve-velike-izlozbe\/"},"author":{"name":"Milana Rati\u0107","@id":"https:\/\/kaleidoskopkulture.com\/sr\/#\/schema\/person\/5bb478a7901574f95a4e73f4fd8cebb1"},"headline":"Svetski dizajn u Novom Sadu: U okviru \u201eKaleidoskopa kulture\u201c dve velike izlo\u017ebe na \u017delezni\u010dkoj stanici i u E\u0111\u0161egu","datePublished":"2019-09-12T22:22:56+00:00","dateModified":"2020-08-27T07:37:37+00:00","mainEntityOfPage":{"@id":"https:\/\/kaleidoskopkulture.com\/sr\/svetski-dizajn-u-novom-sadu-dve-velike-izlozbe\/"},"wordCount":602,"publisher":{"@id":"https:\/\/kaleidoskopkulture.com\/sr\/#organization"},"image":{"@id":"https:\/\/kaleidoskopkulture.com\/sr\/svetski-dizajn-u-novom-sadu-dve-velike-izlozbe\/#primaryimage"},"thumbnailUrl":"https:\/\/kaleidoskopkulture.com\/wp-content\/uploads\/2020\/08\/Swiss-style-now.png","keywords":["Kaleidoskop kulture 2019"],"articleSection":["Kaleidoskop kulture 2019."],"inLanguage":"sr-RS"},{"@type":"WebPage","@id":"https:\/\/kaleidoskopkulture.com\/sr\/svetski-dizajn-u-novom-sadu-dve-velike-izlozbe\/","url":"https:\/\/kaleidoskopkulture.com\/sr\/svetski-dizajn-u-novom-sadu-dve-velike-izlozbe\/","name":"Dve velike izlo\u017ebe na \u017delezni\u010dkoj stanici i u E\u0111\u0161egu","isPartOf":{"@id":"https:\/\/kaleidoskopkulture.com\/sr\/#website"},"primaryImageOfPage":{"@id":"https:\/\/kaleidoskopkulture.com\/sr\/svetski-dizajn-u-novom-sadu-dve-velike-izlozbe\/#primaryimage"},"image":{"@id":"https:\/\/kaleidoskopkulture.com\/sr\/svetski-dizajn-u-novom-sadu-dve-velike-izlozbe\/#primaryimage"},"thumbnailUrl":"https:\/\/kaleidoskopkulture.com\/wp-content\/uploads\/2020\/08\/Swiss-style-now.png","datePublished":"2019-09-12T22:22:56+00:00","dateModified":"2020-08-27T07:37:37+00:00","description":"Dve velike izlo\u017ebe dizajna u Novom Sadu u okviru\u00a0\u201eKaleidoskopa kulture\u201c\u00a0po\u010dinju\u00a017. septembra.","breadcrumb":{"@id":"https:\/\/kaleidoskopkulture.com\/sr\/svetski-dizajn-u-novom-sadu-dve-velike-izlozbe\/#breadcrumb"},"inLanguage":"sr-RS","potentialAction":[{"@type":"ReadAction","target":["https:\/\/kaleidoskopkulture.com\/sr\/svetski-dizajn-u-novom-sadu-dve-velike-izlozbe\/"]}]},{"@type":"ImageObject","inLanguage":"sr-RS","@id":"https:\/\/kaleidoskopkulture.com\/sr\/svetski-dizajn-u-novom-sadu-dve-velike-izlozbe\/#primaryimage","url":"https:\/\/kaleidoskopkulture.com\/wp-content\/uploads\/2020\/08\/Swiss-style-now.png","contentUrl":"https:\/\/kaleidoskopkulture.com\/wp-content\/uploads\/2020\/08\/Swiss-style-now.png","width":1600,"height":900,"caption":"Izlo\u017eba Swiss style now"},{"@type":"BreadcrumbList","@id":"https:\/\/kaleidoskopkulture.com\/sr\/svetski-dizajn-u-novom-sadu-dve-velike-izlozbe\/#breadcrumb","itemListElement":[{"@type":"ListItem","position":1,"name":"Home","item":"https:\/\/kaleidoskopkulture.com\/sr\/"},{"@type":"ListItem","position":2,"name":"Svetski dizajn u Novom Sadu: U okviru \u201eKaleidoskopa kulture\u201c dve velike izlo\u017ebe na \u017delezni\u010dkoj stanici i u E\u0111\u0161egu"}]},{"@type":"WebSite","@id":"https:\/\/kaleidoskopkulture.com\/sr\/#website","url":"https:\/\/kaleidoskopkulture.com\/sr\/","name":"Kaleidoskop kulture","description":"Novo lice kulture u Novom Sadu","publisher":{"@id":"https:\/\/kaleidoskopkulture.com\/sr\/#organization"},"potentialAction":[{"@type":"SearchAction","target":{"@type":"EntryPoint","urlTemplate":"https:\/\/kaleidoskopkulture.com\/sr\/?s={search_term_string}"},"query-input":"required name=search_term_string"}],"inLanguage":"sr-RS"},{"@type":"Organization","@id":"https:\/\/kaleidoskopkulture.com\/sr\/#organization","name":"Kaleidoskop kulture","url":"https:\/\/kaleidoskopkulture.com\/sr\/","logo":{"@type":"ImageObject","inLanguage":"sr-RS","@id":"https:\/\/kaleidoskopkulture.com\/sr\/#\/schema\/logo\/image\/","url":"https:\/\/kaleidoskopkulture.com\/wp-content\/uploads\/2022\/08\/cropped-kk-logo-1-1.png","contentUrl":"https:\/\/kaleidoskopkulture.com\/wp-content\/uploads\/2022\/08\/cropped-kk-logo-1-1.png","width":260,"height":90,"caption":"Kaleidoskop kulture"},"image":{"@id":"https:\/\/kaleidoskopkulture.com\/sr\/#\/schema\/logo\/image\/"}},{"@type":"Person","@id":"https:\/\/kaleidoskopkulture.com\/sr\/#\/schema\/person\/5bb478a7901574f95a4e73f4fd8cebb1","name":"Milana Rati\u0107","image":{"@type":"ImageObject","inLanguage":"sr-RS","@id":"https:\/\/kaleidoskopkulture.com\/sr\/#\/schema\/person\/image\/","url":"https:\/\/secure.gravatar.com\/avatar\/3ff80e830bacddd25af3f575bedcdd71?s=96&d=mm&r=g","contentUrl":"https:\/\/secure.gravatar.com\/avatar\/3ff80e830bacddd25af3f575bedcdd71?s=96&d=mm&r=g","caption":"Milana Rati\u0107"}}]}},"_links":{"self":[{"href":"https:\/\/kaleidoskopkulture.com\/sr\/wp-json\/wp\/v2\/posts\/251","targetHints":{"allow":["GET"]}}],"collection":[{"href":"https:\/\/kaleidoskopkulture.com\/sr\/wp-json\/wp\/v2\/posts"}],"about":[{"href":"https:\/\/kaleidoskopkulture.com\/sr\/wp-json\/wp\/v2\/types\/post"}],"author":[{"embeddable":true,"href":"https:\/\/kaleidoskopkulture.com\/sr\/wp-json\/wp\/v2\/users\/7"}],"replies":[{"embeddable":true,"href":"https:\/\/kaleidoskopkulture.com\/sr\/wp-json\/wp\/v2\/comments?post=251"}],"version-history":[{"count":3,"href":"https:\/\/kaleidoskopkulture.com\/sr\/wp-json\/wp\/v2\/posts\/251\/revisions"}],"predecessor-version":[{"id":1014,"href":"https:\/\/kaleidoskopkulture.com\/sr\/wp-json\/wp\/v2\/posts\/251\/revisions\/1014"}],"wp:featuredmedia":[{"embeddable":true,"href":"https:\/\/kaleidoskopkulture.com\/sr\/wp-json\/wp\/v2\/media\/254"}],"wp:attachment":[{"href":"https:\/\/kaleidoskopkulture.com\/sr\/wp-json\/wp\/v2\/media?parent=251"}],"wp:term":[{"taxonomy":"category","embeddable":true,"href":"https:\/\/kaleidoskopkulture.com\/sr\/wp-json\/wp\/v2\/categories?post=251"},{"taxonomy":"post_tag","embeddable":true,"href":"https:\/\/kaleidoskopkulture.com\/sr\/wp-json\/wp\/v2\/tags?post=251"}],"curies":[{"name":"wp","href":"https:\/\/api.w.org\/{rel}","templated":true}]}}