{"id":2131,"date":"2020-09-11T19:08:24","date_gmt":"2020-09-11T17:08:24","guid":{"rendered":"https:\/\/kaleidoskopkulture.com\/?p=2131"},"modified":"2021-08-27T10:36:24","modified_gmt":"2021-08-27T08:36:24","slug":"veliki-liman-nekad-i-sad","status":"publish","type":"post","link":"https:\/\/kaleidoskopkulture.com\/sr\/veliki-liman-nekad-i-sad\/","title":{"rendered":"Kaleidoskop kulture pokrenuo temu o transformaciji Velikog Limana"},"content":{"rendered":"<p>Od industrijskog nasle\u0111a do modernog stvarala\u0161tva. Transformacija prostora nekada\u0161njeg Velikog Limana iz prostora koji ba\u0161tini 100 godina dugu istoriju industrijskog i zanatskog nasle\u0111a u budu\u0107i novosadski centar modernog stvarala\u0161tva bila je tema tribine \u201e<a href=\"https:\/\/kaleidoskopkulture.com\/sr\/veliki-liman-tribina-o-arhitekturi\/\">Veliki Liman: Narativi nasle\u0111enog prostora<\/a>\u201c odr\u017eane ispred Kulturne stanice OPENS, u okviru ovogodi\u0161njeg Kaleidoskopa kulture.<!--more--><\/p>\n<p>Ideja o pretvaranju starih, napu\u0161tenih i nebezbednih prostora u centar kreativnih industrija dobila je na zamahu kada je Novi Sad progla\u0161en Evropskom prestonicom kulture za 2021. godinu, ali su stavovi brojnih aktera bili razli\u010diti.<\/p>\n<p><iframe title=\"\u201eVeliki Liman: Narativi nasle\u0111enog prostora\u201c - tribina o arhitekturi\" width=\"640\" height=\"360\" src=\"https:\/\/www.youtube.com\/embed\/Cy3_aWSFJS4?feature=oembed\" frameborder=\"0\" allow=\"accelerometer; autoplay; clipboard-write; encrypted-media; gyroscope; picture-in-picture; web-share\" referrerpolicy=\"strict-origin-when-cross-origin\" allowfullscreen><\/iframe><\/p>\n<p>\u201e<strong>Umesto zapu\u0161tene i nebezbedne zone, nekada\u0161njeg pe\u017eorativnog i neutemeljenog naziva tzv. Kineske \u010detvrti, kulturom dijaloga i zajedni\u0161tva ponovo otkrivamo jedan vek zaboravljenu, a toliko uzbudljivu istoriju i nasle\u0111e, \u010dak i ime Velikog Limana. \u010cak i sa onima koji su bili najvi\u0161e protiv, sada zajedno gradimo i razvijamo novu pri\u010du \u2013 pri\u010du novog centra kulturno-umetni\u010dke produkcije i savremenog stvarala\u0161tva<\/strong>\u201c, rekao je <strong>Nemanja Milenkovi\u0107<\/strong>, direktor Fondacije \u201e<a href=\"https:\/\/novisad2021.rs\/\">Novi Sad 2021 \u2013 Evropska prestonica kulture<\/a>\u201c, na tribini koja je deo ovogodi\u0161njeg Kaleidoskopa kulture.<\/p>\n<style type=\"text\/css\">\r\n\t#foogallery-gallery-2145 .fg-image {\r\n        width: 640px;\r\n    }\r\n<\/style>\r\n\t\t\t\t<div class=\"foogallery foogallery-container foogallery-image-viewer foogallery-link-image foogallery-lightbox-foobox fg-center fg-image-viewer fg-light fg-border-thin fg-shadow-outline fg-loading-default fg-loaded-fade-in fg-caption-hover fg-hover-fade fg-hover-zoom fg-ready\" id=\"foogallery-gallery-2145\" data-foogallery=\"{&quot;item&quot;:{&quot;showCaptionTitle&quot;:true,&quot;showCaptionDescription&quot;:true},&quot;lazy&quot;:true,&quot;template&quot;:{&quot;loop&quot;:true}}\" >\r\n\t<div class=\"fiv-inner\">\r\n\t\t<div class=\"fiv-inner-container\">\r\n\t\t\t<div class=\"fg-item fg-type-image fg-idle\"><figure class=\"fg-item-inner\"><a href=\"https:\/\/kaleidoskopkulture.com\/wp-content\/uploads\/2020\/09\/Kineska-nekad-i-sad-4.png\" data-attachment-id=\"2137\" data-type=\"image\" class=\"fg-thumb\"><span class=\"fg-image-wrap\"><img fetchpriority=\"high\" decoding=\"async\" width=\"640\" height=\"360\" class=\"skip-lazy fg-image\" data-src-fg=\"https:\/\/kaleidoskopkulture.com\/wp-content\/uploads\/cache\/2020\/09\/Kineska-nekad-i-sad-4\/4222455969.png\" src=\"data:image\/svg+xml,%3Csvg%20xmlns%3D%22http%3A%2F%2Fwww.w3.org%2F2000%2Fsvg%22%20width%3D%22640%22%20height%3D%22360%22%20viewBox%3D%220%200%20640%20360%22%3E%3C%2Fsvg%3E\" loading=\"eager\"><\/span><span class=\"fg-image-overlay\"><\/span><\/a><figcaption class=\"fg-caption\"><div class=\"fg-caption-inner\"><\/div><\/figcaption><\/figure><div class=\"fg-loader\"><\/div><\/div><div class=\"fg-item fg-type-image fg-idle\"><figure class=\"fg-item-inner\"><a href=\"https:\/\/kaleidoskopkulture.com\/wp-content\/uploads\/2020\/09\/Kineska-nekad-i-sad-1.png\" data-attachment-id=\"2139\" data-type=\"image\" class=\"fg-thumb\"><span class=\"fg-image-wrap\"><img decoding=\"async\" width=\"640\" height=\"360\" class=\"skip-lazy fg-image\" data-src-fg=\"https:\/\/kaleidoskopkulture.com\/wp-content\/uploads\/cache\/2020\/09\/Kineska-nekad-i-sad-1\/429970249.png\" src=\"data:image\/svg+xml,%3Csvg%20xmlns%3D%22http%3A%2F%2Fwww.w3.org%2F2000%2Fsvg%22%20width%3D%22640%22%20height%3D%22360%22%20viewBox%3D%220%200%20640%20360%22%3E%3C%2Fsvg%3E\" loading=\"eager\"><\/span><span class=\"fg-image-overlay\"><\/span><\/a><figcaption class=\"fg-caption\"><div class=\"fg-caption-inner\"><\/div><\/figcaption><\/figure><div class=\"fg-loader\"><\/div><\/div><div class=\"fg-item fg-type-image fg-idle\"><figure class=\"fg-item-inner\"><a href=\"https:\/\/kaleidoskopkulture.com\/wp-content\/uploads\/2020\/09\/Kineska-nekad-i-sad-5.png\" data-attachment-id=\"2135\" data-type=\"image\" class=\"fg-thumb\"><span class=\"fg-image-wrap\"><img decoding=\"async\" width=\"640\" height=\"360\" class=\"skip-lazy fg-image\" data-src-fg=\"https:\/\/kaleidoskopkulture.com\/wp-content\/uploads\/cache\/2020\/09\/Kineska-nekad-i-sad-5\/2245954365.png\" src=\"data:image\/svg+xml,%3Csvg%20xmlns%3D%22http%3A%2F%2Fwww.w3.org%2F2000%2Fsvg%22%20width%3D%22640%22%20height%3D%22360%22%20viewBox%3D%220%200%20640%20360%22%3E%3C%2Fsvg%3E\" loading=\"eager\"><\/span><span class=\"fg-image-overlay\"><\/span><\/a><figcaption class=\"fg-caption\"><div class=\"fg-caption-inner\"><\/div><\/figcaption><\/figure><div class=\"fg-loader\"><\/div><\/div><div class=\"fg-item fg-type-image fg-idle\"><figure class=\"fg-item-inner\"><a href=\"https:\/\/kaleidoskopkulture.com\/wp-content\/uploads\/2020\/09\/Kineska-nekad-i-sad-6.png\" data-attachment-id=\"2133\" data-type=\"image\" class=\"fg-thumb\"><span class=\"fg-image-wrap\"><img decoding=\"async\" width=\"640\" height=\"360\" class=\"skip-lazy fg-image\" data-src-fg=\"https:\/\/kaleidoskopkulture.com\/wp-content\/uploads\/cache\/2020\/09\/Kineska-nekad-i-sad-6\/122398617.png\" src=\"data:image\/svg+xml,%3Csvg%20xmlns%3D%22http%3A%2F%2Fwww.w3.org%2F2000%2Fsvg%22%20width%3D%22640%22%20height%3D%22360%22%20viewBox%3D%220%200%20640%20360%22%3E%3C%2Fsvg%3E\" loading=\"eager\"><\/span><span class=\"fg-image-overlay\"><\/span><\/a><figcaption class=\"fg-caption\"><div class=\"fg-caption-inner\"><\/div><\/figcaption><\/figure><div class=\"fg-loader\"><\/div><\/div>\t\t<\/div>\r\n\t\t<div class=\"fiv-ctrls\">\r\n\t\t\t<div class=\"fiv-prev\"><span>Prev<\/span><\/div>\r\n\t\t\t<label class=\"fiv-count\"><span class=\"fiv-count-current\">1<\/span>of<span class=\"fiv-count-total\">4<\/span><\/label>\r\n\t\t\t<div class=\"fiv-next\"><span>Next<\/span><\/div>\r\n\t\t<\/div>\r\n\t<\/div>\r\n<\/div>\n<p>\u017delje i inicijative za stvaranjem kreativnog i produkcijskog kvarta bilo je i ranijih godina od strane umetnika, kako ka\u017ee vajar i slikar <strong>Petar Mirkovi\u0107<\/strong>, koji skoro dve decenije, zajedno sa kolegom <strong>Tadijom Jani\u010di\u0107em<\/strong>, stvara u svom ateljeu upravo na prostoru takozvane Kineske \u010detvrti.<\/p>\n<p>\u201e<strong>Mislim da je to za ovaj grad neophodno, da ostane prostora, pogotovo na ovoj lokaciji, sa ovim nasle\u0111em i istorijom. To je odli\u010dno re\u0161enje koje se ne sme ispustiti. Da se i ovo sru\u0161ilo i da smo dobili jo\u0161 jedan stambeni blok onda bi stvarno ostali bez &#8216;vazduha&#8217; u nekom smislu. Sada se vide neki konkretni pomaci, ali \u0107e svakako biti potrebno vremena da se ostvari pun kapacitet ovog prostora<\/strong>\u201c, rekao je Mirkovi\u0107 i dodao da je pretvaranje tog prostora u kreativni kvart slo\u017een i kompleksan proces, \u0161to potvr\u0111uju i re\u010di arhitekte <strong>Du\u0161ana Stevanovi\u0107a<\/strong> koji ka\u017ee da se radi o vi\u0161e od 11 hiljada kvadrata, odnosno 12 objekata koji \u0107e \u010diniti budu\u0107i centar modernog stvarala\u0161tva.<\/p>\n<p>\u201e<strong>Osnovna dva kvaliteta koja smatram da je klju\u010dno pomenuti su ti ve\u0107i prostori, koji \u0107e mo\u0107i da prime publiku i gde \u0107e mo\u0107i da se organizuju veliki programi, njih \u0107e biti ukupno sedam i manji prostori, koji \u0107e slu\u017eiti kao dom starih i novih korisnika koji \u0107e tu u\u0107i da stvaraju. Od velike va\u017enosti je i to \u0161to \u0107e zapravo iskustva svih aktera koji su uklju\u010deni u ovo mo\u0107i da doprinesu stvaranju jednog modela po kom bi moglo da se obnovi i ostalo industrijsko nasle\u0111e u Novom Sadu, kojeg zaista ima mnogo, ali da bude primer i za druge gradove<\/strong>\u201c, rekao je Stevanovi\u0107 na tribini.<\/p>\n<p><img decoding=\"async\" class=\"alignnone wp-image-2141 size-full\" src=\"https:\/\/kaleidoskopkulture.com\/wp-content\/uploads\/2020\/09\/Tribina-o-Velikom-Limanu-4.jpg\" alt=\"\" width=\"1200\" height=\"800\" srcset=\"https:\/\/kaleidoskopkulture.com\/wp-content\/uploads\/2020\/09\/Tribina-o-Velikom-Limanu-4.jpg 1200w, https:\/\/kaleidoskopkulture.com\/wp-content\/uploads\/2020\/09\/Tribina-o-Velikom-Limanu-4-300x200.jpg 300w, https:\/\/kaleidoskopkulture.com\/wp-content\/uploads\/2020\/09\/Tribina-o-Velikom-Limanu-4-1024x683.jpg 1024w, https:\/\/kaleidoskopkulture.com\/wp-content\/uploads\/2020\/09\/Tribina-o-Velikom-Limanu-4-768x512.jpg 768w\" sizes=\"(max-width: 1200px) 100vw, 1200px\" \/><\/p>\n<p>Dok se govori o budu\u0107nosti i novim promenama jednog zna\u010dajnog prostora, njegova turbulentna istorija je pomalo zaboravljena, smatra istori\u010dar <strong>Aleksandar Vrani\u0107<\/strong> iz Istorijskog arhiva grada Novog Sada.<\/p>\n<p>\u201e<strong>\u010cini mi se da kulturu se\u0107anja nekako ne gajimo dovoljno dugo, brzo zaboravljamo. Ovaj prostor je bio oboga\u0107en zna\u010dajnim industrijskim kompleksima, zapravo ta industrijalizacija je donela i modernizaciju i urbanizaciju ovog prostora i dosta promenila sliku \u010ditavog grada. Jako je bitno da probamo da na\u010dinimo neku reidentifikaciju ovog prostora zapravo da napravimo ne\u0161to \u0161to \u0107e gra\u0111anima biti prepoznatljivo, sa \u010dim \u0107e mo\u0107i da se identifikuju, da konzumiraju neke nove sadr\u017eaje i novi model stvarala\u0161tva<\/strong>\u201c, rekao Vrani\u0107.<\/p>\n<p>Za\u010detak tog novog modela video se i tokom <span style=\"text-decoration: underline;\"><a href=\"https:\/\/kaleidoskopkulture.com\/sr\/kategorija\/otvaranje\/\">sve\u010danog otvaranja<\/a><\/span> ovogodi\u0161njeg Kaleidoskopa kulture u okviru umetni\u010dkog koncepta \u201eLiman 5\u201c koji je kroz programe stavio akcenat na spajanje industrijskog nasle\u0111a i modernog stvarala\u0161tva.<\/p>\n<p>&nbsp;<\/p>\n<p><em>Foto: Uro\u0161 Do\u017ei\u0107<\/em><\/p>\n","protected":false},"excerpt":{"rendered":"<p>Od industrijskog nasle\u0111a do modernog stvarala\u0161tva. Transformacija prostora nekada\u0161njeg Velikog Limana iz prostora koji ba\u0161tini 100 godina dugu istoriju industrijskog i zanatskog nasle\u0111a u budu\u0107i novosadski centar modernog stvarala\u0161tva bila je tema tribine \u201eVeliki Liman: Narativi nasle\u0111enog prostora\u201c odr\u017eane ispred&#8230;<\/p>\n","protected":false},"author":7,"featured_media":2143,"comment_status":"closed","ping_status":"closed","sticky":false,"template":"","format":"standard","meta":{"footnotes":""},"categories":[40],"tags":[240,117,212,185],"class_list":["post-2131","post","type-post","status-publish","format-standard","has-post-thumbnail","hentry","category-kaleidoskop-kulture-2020","tag-arhitektura","tag-kineska-cetvrt","tag-tribina","tag-veliki-liman"],"yoast_head":"<!-- This site is optimized with the Yoast SEO plugin v22.4 - https:\/\/yoast.com\/wordpress\/plugins\/seo\/ -->\n<title>Kaleidoskop kulture pokrenuo temu o transformaciji Velikog Limana<\/title>\n<meta name=\"description\" content=\"Transformacija nekada\u0161njeg Velikog Limana iz prostora koji ba\u0161tini 100 godina dugu istoriju industrijskog i zanatskog nasle\u0111a u budu\u0107i novosadski centar modernog stvarala\u0161tva bila je tema tribine \u201eVeliki Liman: Narativi nasle\u0111enog prostora\u201c.\" \/>\n<meta name=\"robots\" content=\"index, follow, max-snippet:-1, max-image-preview:large, max-video-preview:-1\" \/>\n<link rel=\"canonical\" href=\"https:\/\/kaleidoskopkulture.com\/sr\/veliki-liman-nekad-i-sad\/\" \/>\n<meta property=\"og:locale\" content=\"sr_RS\" \/>\n<meta property=\"og:type\" content=\"article\" \/>\n<meta property=\"og:title\" content=\"Kaleidoskop kulture pokrenuo temu o transformaciji Velikog Limana\" \/>\n<meta property=\"og:description\" content=\"Transformacija nekada\u0161njeg Velikog Limana iz prostora koji ba\u0161tini 100 godina dugu istoriju industrijskog i zanatskog nasle\u0111a u budu\u0107i novosadski centar modernog stvarala\u0161tva bila je tema tribine \u201eVeliki Liman: Narativi nasle\u0111enog prostora\u201c.\" \/>\n<meta property=\"og:url\" content=\"https:\/\/kaleidoskopkulture.com\/sr\/veliki-liman-nekad-i-sad\/\" \/>\n<meta property=\"og:site_name\" content=\"Kaleidoskop kulture\" \/>\n<meta property=\"article:published_time\" content=\"2020-09-11T17:08:24+00:00\" \/>\n<meta property=\"article:modified_time\" content=\"2021-08-27T08:36:24+00:00\" \/>\n<meta property=\"og:image\" content=\"https:\/\/kaleidoskopkulture.com\/wp-content\/uploads\/2020\/09\/Tribina-o-Velikom-Limanu-1.jpg\" \/>\n\t<meta property=\"og:image:width\" content=\"1200\" \/>\n\t<meta property=\"og:image:height\" content=\"800\" \/>\n\t<meta property=\"og:image:type\" content=\"image\/jpeg\" \/>\n<meta name=\"author\" content=\"Milana Rati\u0107\" \/>\n<meta name=\"twitter:card\" content=\"summary_large_image\" \/>\n<meta name=\"twitter:label1\" content=\"Napisano od\" \/>\n\t<meta name=\"twitter:data1\" content=\"Milana Rati\u0107\" \/>\n\t<meta name=\"twitter:label2\" content=\"Procenjeno vreme \u010ditanja\" \/>\n\t<meta name=\"twitter:data2\" content=\"3 minuta\" \/>\n<script type=\"application\/ld+json\" class=\"yoast-schema-graph\">{\"@context\":\"https:\/\/schema.org\",\"@graph\":[{\"@type\":\"Article\",\"@id\":\"https:\/\/kaleidoskopkulture.com\/sr\/veliki-liman-nekad-i-sad\/#article\",\"isPartOf\":{\"@id\":\"https:\/\/kaleidoskopkulture.com\/sr\/veliki-liman-nekad-i-sad\/\"},\"author\":{\"name\":\"Milana Rati\u0107\",\"@id\":\"https:\/\/kaleidoskopkulture.com\/sr\/#\/schema\/person\/5bb478a7901574f95a4e73f4fd8cebb1\"},\"headline\":\"Kaleidoskop kulture pokrenuo temu o transformaciji Velikog Limana\",\"datePublished\":\"2020-09-11T17:08:24+00:00\",\"dateModified\":\"2021-08-27T08:36:24+00:00\",\"mainEntityOfPage\":{\"@id\":\"https:\/\/kaleidoskopkulture.com\/sr\/veliki-liman-nekad-i-sad\/\"},\"wordCount\":642,\"publisher\":{\"@id\":\"https:\/\/kaleidoskopkulture.com\/sr\/#organization\"},\"image\":{\"@id\":\"https:\/\/kaleidoskopkulture.com\/sr\/veliki-liman-nekad-i-sad\/#primaryimage\"},\"thumbnailUrl\":\"https:\/\/kaleidoskopkulture.com\/wp-content\/uploads\/2020\/09\/Tribina-o-Velikom-Limanu-1.jpg\",\"keywords\":[\"arhitektura\",\"Kineska \u010detvrt\",\"tribina\",\"Veliki Liman\"],\"articleSection\":[\"Kaleidoskop kulture 2020.\"],\"inLanguage\":\"sr-RS\"},{\"@type\":\"WebPage\",\"@id\":\"https:\/\/kaleidoskopkulture.com\/sr\/veliki-liman-nekad-i-sad\/\",\"url\":\"https:\/\/kaleidoskopkulture.com\/sr\/veliki-liman-nekad-i-sad\/\",\"name\":\"Kaleidoskop kulture pokrenuo temu o transformaciji Velikog Limana\",\"isPartOf\":{\"@id\":\"https:\/\/kaleidoskopkulture.com\/sr\/#website\"},\"primaryImageOfPage\":{\"@id\":\"https:\/\/kaleidoskopkulture.com\/sr\/veliki-liman-nekad-i-sad\/#primaryimage\"},\"image\":{\"@id\":\"https:\/\/kaleidoskopkulture.com\/sr\/veliki-liman-nekad-i-sad\/#primaryimage\"},\"thumbnailUrl\":\"https:\/\/kaleidoskopkulture.com\/wp-content\/uploads\/2020\/09\/Tribina-o-Velikom-Limanu-1.jpg\",\"datePublished\":\"2020-09-11T17:08:24+00:00\",\"dateModified\":\"2021-08-27T08:36:24+00:00\",\"description\":\"Transformacija nekada\u0161njeg Velikog Limana iz prostora koji ba\u0161tini 100 godina dugu istoriju industrijskog i zanatskog nasle\u0111a u budu\u0107i novosadski centar modernog stvarala\u0161tva bila je tema tribine \u201eVeliki Liman: Narativi nasle\u0111enog prostora\u201c.\",\"breadcrumb\":{\"@id\":\"https:\/\/kaleidoskopkulture.com\/sr\/veliki-liman-nekad-i-sad\/#breadcrumb\"},\"inLanguage\":\"sr-RS\",\"potentialAction\":[{\"@type\":\"ReadAction\",\"target\":[\"https:\/\/kaleidoskopkulture.com\/sr\/veliki-liman-nekad-i-sad\/\"]}]},{\"@type\":\"ImageObject\",\"inLanguage\":\"sr-RS\",\"@id\":\"https:\/\/kaleidoskopkulture.com\/sr\/veliki-liman-nekad-i-sad\/#primaryimage\",\"url\":\"https:\/\/kaleidoskopkulture.com\/wp-content\/uploads\/2020\/09\/Tribina-o-Velikom-Limanu-1.jpg\",\"contentUrl\":\"https:\/\/kaleidoskopkulture.com\/wp-content\/uploads\/2020\/09\/Tribina-o-Velikom-Limanu-1.jpg\",\"width\":1200,\"height\":800,\"caption\":\"Tribina Veliki Liman\"},{\"@type\":\"BreadcrumbList\",\"@id\":\"https:\/\/kaleidoskopkulture.com\/sr\/veliki-liman-nekad-i-sad\/#breadcrumb\",\"itemListElement\":[{\"@type\":\"ListItem\",\"position\":1,\"name\":\"Home\",\"item\":\"https:\/\/kaleidoskopkulture.com\/sr\/\"},{\"@type\":\"ListItem\",\"position\":2,\"name\":\"Kaleidoskop kulture pokrenuo temu o transformaciji Velikog Limana\"}]},{\"@type\":\"WebSite\",\"@id\":\"https:\/\/kaleidoskopkulture.com\/sr\/#website\",\"url\":\"https:\/\/kaleidoskopkulture.com\/sr\/\",\"name\":\"Kaleidoskop kulture\",\"description\":\"Novo lice kulture u Novom Sadu\",\"publisher\":{\"@id\":\"https:\/\/kaleidoskopkulture.com\/sr\/#organization\"},\"potentialAction\":[{\"@type\":\"SearchAction\",\"target\":{\"@type\":\"EntryPoint\",\"urlTemplate\":\"https:\/\/kaleidoskopkulture.com\/sr\/?s={search_term_string}\"},\"query-input\":\"required name=search_term_string\"}],\"inLanguage\":\"sr-RS\"},{\"@type\":\"Organization\",\"@id\":\"https:\/\/kaleidoskopkulture.com\/sr\/#organization\",\"name\":\"Kaleidoskop kulture\",\"url\":\"https:\/\/kaleidoskopkulture.com\/sr\/\",\"logo\":{\"@type\":\"ImageObject\",\"inLanguage\":\"sr-RS\",\"@id\":\"https:\/\/kaleidoskopkulture.com\/sr\/#\/schema\/logo\/image\/\",\"url\":\"https:\/\/kaleidoskopkulture.com\/wp-content\/uploads\/2022\/08\/cropped-kk-logo-1-1.png\",\"contentUrl\":\"https:\/\/kaleidoskopkulture.com\/wp-content\/uploads\/2022\/08\/cropped-kk-logo-1-1.png\",\"width\":260,\"height\":90,\"caption\":\"Kaleidoskop kulture\"},\"image\":{\"@id\":\"https:\/\/kaleidoskopkulture.com\/sr\/#\/schema\/logo\/image\/\"}},{\"@type\":\"Person\",\"@id\":\"https:\/\/kaleidoskopkulture.com\/sr\/#\/schema\/person\/5bb478a7901574f95a4e73f4fd8cebb1\",\"name\":\"Milana Rati\u0107\",\"image\":{\"@type\":\"ImageObject\",\"inLanguage\":\"sr-RS\",\"@id\":\"https:\/\/kaleidoskopkulture.com\/sr\/#\/schema\/person\/image\/\",\"url\":\"https:\/\/secure.gravatar.com\/avatar\/3ff80e830bacddd25af3f575bedcdd71?s=96&d=mm&r=g\",\"contentUrl\":\"https:\/\/secure.gravatar.com\/avatar\/3ff80e830bacddd25af3f575bedcdd71?s=96&d=mm&r=g\",\"caption\":\"Milana Rati\u0107\"}}]}<\/script>\n<!-- \/ Yoast SEO plugin. -->","yoast_head_json":{"title":"Kaleidoskop kulture pokrenuo temu o transformaciji Velikog Limana","description":"Transformacija nekada\u0161njeg Velikog Limana iz prostora koji ba\u0161tini 100 godina dugu istoriju industrijskog i zanatskog nasle\u0111a u budu\u0107i novosadski centar modernog stvarala\u0161tva bila je tema tribine \u201eVeliki Liman: Narativi nasle\u0111enog prostora\u201c.","robots":{"index":"index","follow":"follow","max-snippet":"max-snippet:-1","max-image-preview":"max-image-preview:large","max-video-preview":"max-video-preview:-1"},"canonical":"https:\/\/kaleidoskopkulture.com\/sr\/veliki-liman-nekad-i-sad\/","og_locale":"sr_RS","og_type":"article","og_title":"Kaleidoskop kulture pokrenuo temu o transformaciji Velikog Limana","og_description":"Transformacija nekada\u0161njeg Velikog Limana iz prostora koji ba\u0161tini 100 godina dugu istoriju industrijskog i zanatskog nasle\u0111a u budu\u0107i novosadski centar modernog stvarala\u0161tva bila je tema tribine \u201eVeliki Liman: Narativi nasle\u0111enog prostora\u201c.","og_url":"https:\/\/kaleidoskopkulture.com\/sr\/veliki-liman-nekad-i-sad\/","og_site_name":"Kaleidoskop kulture","article_published_time":"2020-09-11T17:08:24+00:00","article_modified_time":"2021-08-27T08:36:24+00:00","og_image":[{"width":1200,"height":800,"url":"https:\/\/kaleidoskopkulture.com\/wp-content\/uploads\/2020\/09\/Tribina-o-Velikom-Limanu-1.jpg","type":"image\/jpeg"}],"author":"Milana Rati\u0107","twitter_card":"summary_large_image","twitter_misc":{"Napisano od":"Milana Rati\u0107","Procenjeno vreme \u010ditanja":"3 minuta"},"schema":{"@context":"https:\/\/schema.org","@graph":[{"@type":"Article","@id":"https:\/\/kaleidoskopkulture.com\/sr\/veliki-liman-nekad-i-sad\/#article","isPartOf":{"@id":"https:\/\/kaleidoskopkulture.com\/sr\/veliki-liman-nekad-i-sad\/"},"author":{"name":"Milana Rati\u0107","@id":"https:\/\/kaleidoskopkulture.com\/sr\/#\/schema\/person\/5bb478a7901574f95a4e73f4fd8cebb1"},"headline":"Kaleidoskop kulture pokrenuo temu o transformaciji Velikog Limana","datePublished":"2020-09-11T17:08:24+00:00","dateModified":"2021-08-27T08:36:24+00:00","mainEntityOfPage":{"@id":"https:\/\/kaleidoskopkulture.com\/sr\/veliki-liman-nekad-i-sad\/"},"wordCount":642,"publisher":{"@id":"https:\/\/kaleidoskopkulture.com\/sr\/#organization"},"image":{"@id":"https:\/\/kaleidoskopkulture.com\/sr\/veliki-liman-nekad-i-sad\/#primaryimage"},"thumbnailUrl":"https:\/\/kaleidoskopkulture.com\/wp-content\/uploads\/2020\/09\/Tribina-o-Velikom-Limanu-1.jpg","keywords":["arhitektura","Kineska \u010detvrt","tribina","Veliki Liman"],"articleSection":["Kaleidoskop kulture 2020."],"inLanguage":"sr-RS"},{"@type":"WebPage","@id":"https:\/\/kaleidoskopkulture.com\/sr\/veliki-liman-nekad-i-sad\/","url":"https:\/\/kaleidoskopkulture.com\/sr\/veliki-liman-nekad-i-sad\/","name":"Kaleidoskop kulture pokrenuo temu o transformaciji Velikog Limana","isPartOf":{"@id":"https:\/\/kaleidoskopkulture.com\/sr\/#website"},"primaryImageOfPage":{"@id":"https:\/\/kaleidoskopkulture.com\/sr\/veliki-liman-nekad-i-sad\/#primaryimage"},"image":{"@id":"https:\/\/kaleidoskopkulture.com\/sr\/veliki-liman-nekad-i-sad\/#primaryimage"},"thumbnailUrl":"https:\/\/kaleidoskopkulture.com\/wp-content\/uploads\/2020\/09\/Tribina-o-Velikom-Limanu-1.jpg","datePublished":"2020-09-11T17:08:24+00:00","dateModified":"2021-08-27T08:36:24+00:00","description":"Transformacija nekada\u0161njeg Velikog Limana iz prostora koji ba\u0161tini 100 godina dugu istoriju industrijskog i zanatskog nasle\u0111a u budu\u0107i novosadski centar modernog stvarala\u0161tva bila je tema tribine \u201eVeliki Liman: Narativi nasle\u0111enog prostora\u201c.","breadcrumb":{"@id":"https:\/\/kaleidoskopkulture.com\/sr\/veliki-liman-nekad-i-sad\/#breadcrumb"},"inLanguage":"sr-RS","potentialAction":[{"@type":"ReadAction","target":["https:\/\/kaleidoskopkulture.com\/sr\/veliki-liman-nekad-i-sad\/"]}]},{"@type":"ImageObject","inLanguage":"sr-RS","@id":"https:\/\/kaleidoskopkulture.com\/sr\/veliki-liman-nekad-i-sad\/#primaryimage","url":"https:\/\/kaleidoskopkulture.com\/wp-content\/uploads\/2020\/09\/Tribina-o-Velikom-Limanu-1.jpg","contentUrl":"https:\/\/kaleidoskopkulture.com\/wp-content\/uploads\/2020\/09\/Tribina-o-Velikom-Limanu-1.jpg","width":1200,"height":800,"caption":"Tribina Veliki Liman"},{"@type":"BreadcrumbList","@id":"https:\/\/kaleidoskopkulture.com\/sr\/veliki-liman-nekad-i-sad\/#breadcrumb","itemListElement":[{"@type":"ListItem","position":1,"name":"Home","item":"https:\/\/kaleidoskopkulture.com\/sr\/"},{"@type":"ListItem","position":2,"name":"Kaleidoskop kulture pokrenuo temu o transformaciji Velikog Limana"}]},{"@type":"WebSite","@id":"https:\/\/kaleidoskopkulture.com\/sr\/#website","url":"https:\/\/kaleidoskopkulture.com\/sr\/","name":"Kaleidoskop kulture","description":"Novo lice kulture u Novom Sadu","publisher":{"@id":"https:\/\/kaleidoskopkulture.com\/sr\/#organization"},"potentialAction":[{"@type":"SearchAction","target":{"@type":"EntryPoint","urlTemplate":"https:\/\/kaleidoskopkulture.com\/sr\/?s={search_term_string}"},"query-input":"required name=search_term_string"}],"inLanguage":"sr-RS"},{"@type":"Organization","@id":"https:\/\/kaleidoskopkulture.com\/sr\/#organization","name":"Kaleidoskop kulture","url":"https:\/\/kaleidoskopkulture.com\/sr\/","logo":{"@type":"ImageObject","inLanguage":"sr-RS","@id":"https:\/\/kaleidoskopkulture.com\/sr\/#\/schema\/logo\/image\/","url":"https:\/\/kaleidoskopkulture.com\/wp-content\/uploads\/2022\/08\/cropped-kk-logo-1-1.png","contentUrl":"https:\/\/kaleidoskopkulture.com\/wp-content\/uploads\/2022\/08\/cropped-kk-logo-1-1.png","width":260,"height":90,"caption":"Kaleidoskop kulture"},"image":{"@id":"https:\/\/kaleidoskopkulture.com\/sr\/#\/schema\/logo\/image\/"}},{"@type":"Person","@id":"https:\/\/kaleidoskopkulture.com\/sr\/#\/schema\/person\/5bb478a7901574f95a4e73f4fd8cebb1","name":"Milana Rati\u0107","image":{"@type":"ImageObject","inLanguage":"sr-RS","@id":"https:\/\/kaleidoskopkulture.com\/sr\/#\/schema\/person\/image\/","url":"https:\/\/secure.gravatar.com\/avatar\/3ff80e830bacddd25af3f575bedcdd71?s=96&d=mm&r=g","contentUrl":"https:\/\/secure.gravatar.com\/avatar\/3ff80e830bacddd25af3f575bedcdd71?s=96&d=mm&r=g","caption":"Milana Rati\u0107"}}]}},"_links":{"self":[{"href":"https:\/\/kaleidoskopkulture.com\/sr\/wp-json\/wp\/v2\/posts\/2131","targetHints":{"allow":["GET"]}}],"collection":[{"href":"https:\/\/kaleidoskopkulture.com\/sr\/wp-json\/wp\/v2\/posts"}],"about":[{"href":"https:\/\/kaleidoskopkulture.com\/sr\/wp-json\/wp\/v2\/types\/post"}],"author":[{"embeddable":true,"href":"https:\/\/kaleidoskopkulture.com\/sr\/wp-json\/wp\/v2\/users\/7"}],"replies":[{"embeddable":true,"href":"https:\/\/kaleidoskopkulture.com\/sr\/wp-json\/wp\/v2\/comments?post=2131"}],"version-history":[{"count":3,"href":"https:\/\/kaleidoskopkulture.com\/sr\/wp-json\/wp\/v2\/posts\/2131\/revisions"}],"predecessor-version":[{"id":2190,"href":"https:\/\/kaleidoskopkulture.com\/sr\/wp-json\/wp\/v2\/posts\/2131\/revisions\/2190"}],"wp:featuredmedia":[{"embeddable":true,"href":"https:\/\/kaleidoskopkulture.com\/sr\/wp-json\/wp\/v2\/media\/2143"}],"wp:attachment":[{"href":"https:\/\/kaleidoskopkulture.com\/sr\/wp-json\/wp\/v2\/media?parent=2131"}],"wp:term":[{"taxonomy":"category","embeddable":true,"href":"https:\/\/kaleidoskopkulture.com\/sr\/wp-json\/wp\/v2\/categories?post=2131"},{"taxonomy":"post_tag","embeddable":true,"href":"https:\/\/kaleidoskopkulture.com\/sr\/wp-json\/wp\/v2\/tags?post=2131"}],"curies":[{"name":"wp","href":"https:\/\/api.w.org\/{rel}","templated":true}]}}