{"id":12059,"date":"2024-08-05T10:06:44","date_gmt":"2024-08-05T08:06:44","guid":{"rendered":"https:\/\/kaleidoskopkulture.com\/?p=12059"},"modified":"2024-08-05T10:06:44","modified_gmt":"2024-08-05T08:06:44","slug":"sta-je-x-faktor-kaleidoskopa-kulture","status":"publish","type":"post","link":"https:\/\/kaleidoskopkulture.com\/sr\/sta-je-x-faktor-kaleidoskopa-kulture\/","title":{"rendered":"\u0160ta je X faktor Kaleidoskopa kulture?"},"content":{"rendered":"<p class=\"x_MsoNormal\"><strong>Kaleidoskop je jedinstveni program kulture u Evropi. Kao najzna\u010dajnija umetni\u010dka smotra u regionu, pozicionirao se kod publike i na evropskoj kulturnoj mapi najpresti\u017enijim priznanjima. Ono \u0161to ga izdvaja od drugih je autenti\u010dni programski koncept: 4\/5 \u2013 Kaleidoskop kulture ima \u010detiri najistaknutija aspekta koji se provla\u010de kroz pet vrsta umetnosti.<\/strong><\/p>\n<p class=\"x_MsoNormal\"><strong>Tokom mesec dana trajanja svake godine predstavlja:<\/strong><\/p>\n<p class=\"x_MsoNormal\">1. Svetske zvezde<\/p>\n<p class=\"x_MsoNormal\">2. Velikane srpske kulture<\/p>\n<p class=\"x_MsoNormal\">3. Mlade umetnike<\/p>\n<p class=\"x_MsoNormal\">4. Lokalnu i nacionalnu scenu<\/p>\n<p class=\"x_MsoNormal\"><strong>kroz pet vrsta umetnosti:<\/strong><\/p>\n<p class=\"x_MsoNormal\">1. Primenjenu umetnost<\/p>\n<p class=\"x_MsoNormal\">2. Knji\u017eevnost<\/p>\n<p class=\"x_MsoNormal\">3. Izvo\u0111a\u010dku umetnost<\/p>\n<p class=\"x_MsoNormal\">4. Arhitekturu<\/p>\n<p class=\"x_MsoNormal\">5. Vizuelnu umetnost<\/p>\n<p><a href=\"https:\/\/novisad2022.rs\/wp-content\/uploads\/2024\/08\/V.Velickovic-September10-010.jpg\"><img fetchpriority=\"high\" decoding=\"async\" class=\"size-full wp-image-33767\" src=\"https:\/\/novisad2022.rs\/wp-content\/uploads\/2024\/08\/V.Velickovic-September10-010.jpg\" sizes=\"(max-width: 2048px) 100vw, 2048px\" srcset=\"https:\/\/novisad2022.rs\/wp-content\/uploads\/2024\/08\/V.Velickovic-September10-010.jpg 2048w, https:\/\/novisad2022.rs\/wp-content\/uploads\/2024\/08\/V.Velickovic-September10-010-300x200.jpg 300w, https:\/\/novisad2022.rs\/wp-content\/uploads\/2024\/08\/V.Velickovic-September10-010-1024x683.jpg 1024w, https:\/\/novisad2022.rs\/wp-content\/uploads\/2024\/08\/V.Velickovic-September10-010-768x512.jpg 768w, https:\/\/novisad2022.rs\/wp-content\/uploads\/2024\/08\/V.Velickovic-September10-010-1536x1024.jpg 1536w, https:\/\/novisad2022.rs\/wp-content\/uploads\/2024\/08\/V.Velickovic-September10-010-18x12.jpg 18w\" alt=\"\" width=\"2048\" height=\"1365\" \/><\/a><\/p>\n<p class=\"x_MsoNormal\">Alehandro Aravena, jedan od najpoznatijih arhitekata sveta, izvo\u0111a\u010di poput Apokaliptike, Republike, Petera Bencea, Julijana Rahlina, dobitnici Gremija Dobe Nagore i D\u017eejson Majls, samo su neki od svetskih zvezda koje su u\u010destvovale u programu Kaleidoskopa kulture.<\/p>\n<p><a href=\"https:\/\/novisad2022.rs\/wp-content\/uploads\/2024\/08\/V.Velickovic-October05-014-3.jpg\"><img decoding=\"async\" class=\"aligncenter size-full wp-image-33769\" src=\"https:\/\/novisad2022.rs\/wp-content\/uploads\/2024\/08\/V.Velickovic-October05-014-3.jpg\" sizes=\"(max-width: 2048px) 100vw, 2048px\" srcset=\"https:\/\/novisad2022.rs\/wp-content\/uploads\/2024\/08\/V.Velickovic-October05-014-3.jpg 2048w, https:\/\/novisad2022.rs\/wp-content\/uploads\/2024\/08\/V.Velickovic-October05-014-3-300x169.jpg 300w, https:\/\/novisad2022.rs\/wp-content\/uploads\/2024\/08\/V.Velickovic-October05-014-3-1024x576.jpg 1024w, https:\/\/novisad2022.rs\/wp-content\/uploads\/2024\/08\/V.Velickovic-October05-014-3-768x432.jpg 768w, https:\/\/novisad2022.rs\/wp-content\/uploads\/2024\/08\/V.Velickovic-October05-014-3-1536x863.jpg 1536w, https:\/\/novisad2022.rs\/wp-content\/uploads\/2024\/08\/V.Velickovic-October05-014-3-18x10.jpg 18w\" alt=\"\" width=\"2048\" height=\"1151\" \/><\/a><\/p>\n<p class=\"x_MsoNormal\">Prezentovao je neke od najzna\u010dajnijih umetni\u010dkih dela srpske kulture: slikarska dela \u0160umanovi\u0107a, Lubarde, Barili, Konjovi\u0107a, velikane poput Stefana Milenkovi\u0107a, Borisa Kova\u010da, LP dua, gluma\u010dke legende Petra Bo\u017eovi\u0107a, Voju Brajovi\u0107a, Zijaha Sokolovi\u0107a, mnogobrojne pisce, dobitnike NIN-ove nagrade kao \u0161to su Svetislav Basara, Ivana Dimi\u0107, Danica Vuki\u0107evi\u0107, i dr.<\/p>\n<p class=\"x_MsoNormal\">Mladi umetnici kao i lokalna i nacionalna scena dobili su priliku da prvi put predstave svoj rad novosadskoj publici kroz godi\u0161nje nacionalne konkurse Kaleidoskopa kulture koji su obuhvatali sve vrste umetnosti.<\/p>\n<p><a href=\"https:\/\/novisad2022.rs\/wp-content\/uploads\/2024\/08\/V.Velickovic-September10-002.jpg\"><img decoding=\"async\" class=\"size-full wp-image-33768\" src=\"https:\/\/novisad2022.rs\/wp-content\/uploads\/2024\/08\/V.Velickovic-September10-002.jpg\" sizes=\"(max-width: 2048px) 100vw, 2048px\" srcset=\"https:\/\/novisad2022.rs\/wp-content\/uploads\/2024\/08\/V.Velickovic-September10-002.jpg 2048w, https:\/\/novisad2022.rs\/wp-content\/uploads\/2024\/08\/V.Velickovic-September10-002-300x225.jpg 300w, https:\/\/novisad2022.rs\/wp-content\/uploads\/2024\/08\/V.Velickovic-September10-002-1024x767.jpg 1024w, https:\/\/novisad2022.rs\/wp-content\/uploads\/2024\/08\/V.Velickovic-September10-002-768x575.jpg 768w, https:\/\/novisad2022.rs\/wp-content\/uploads\/2024\/08\/V.Velickovic-September10-002-1536x1151.jpg 1536w, https:\/\/novisad2022.rs\/wp-content\/uploads\/2024\/08\/V.Velickovic-September10-002-16x12.jpg 16w\" alt=\"\" width=\"2048\" height=\"1534\" \/><\/a><\/p>\n<p class=\"x_MsoNormal\">Dodatni X faktor Kaleidoskopa kulture je i njegov novomedijski aspekt. Novi Sad je 2023. dobio Unesko nagradu u oblasti digitalnih medija, kao prvi grad u ovom delu Evrope koji je dobio tako va\u017eno priznanje.<\/p>\n<p class=\"x_MsoNormal\">Kaleidoskop kuture je godinama negovao ovaj aspekt programom i produkcijom doga\u0111aja, te ima neizbrisiv udeo u ovom priznanju: jo\u0161 2018. otvaranje Kaleidoskopa kulture obele\u017eile su unikatne novomedijske projekcije. Potom, Novi Sad je imao spektakularni Rigoleto na otvorenom koji je pratio do tada nevi\u0111eni maping, ugostio je Ars Elektroniku iz Linca, na\u0161iroko poznatu CGA konferenciju, umetni\u010dki kolektiv Plastique Fantastique, digitalne umetnike iz Sankt Peltena i predstavio originalne novomedijske izlo\u017ebe u sopstvenoj produkciji, poput\u00a0<em>Duh mesta \u2013 prvi vek Distrikta<\/em>.<\/p>\n<p class=\"x_MsoNormal\" aria-hidden=\"true\"><a href=\"https:\/\/novisad2022.rs\/wp-content\/uploads\/2024\/08\/V.Velickovic-September08-005.jpg\"><img loading=\"lazy\" decoding=\"async\" class=\"aligncenter size-full wp-image-33770\" src=\"https:\/\/novisad2022.rs\/wp-content\/uploads\/2024\/08\/V.Velickovic-September08-005.jpg\" sizes=\"(max-width: 2048px) 100vw, 2048px\" srcset=\"https:\/\/novisad2022.rs\/wp-content\/uploads\/2024\/08\/V.Velickovic-September08-005.jpg 2048w, https:\/\/novisad2022.rs\/wp-content\/uploads\/2024\/08\/V.Velickovic-September08-005-300x200.jpg 300w, https:\/\/novisad2022.rs\/wp-content\/uploads\/2024\/08\/V.Velickovic-September08-005-1024x683.jpg 1024w, https:\/\/novisad2022.rs\/wp-content\/uploads\/2024\/08\/V.Velickovic-September08-005-768x512.jpg 768w, https:\/\/novisad2022.rs\/wp-content\/uploads\/2024\/08\/V.Velickovic-September08-005-1536x1024.jpg 1536w, https:\/\/novisad2022.rs\/wp-content\/uploads\/2024\/08\/V.Velickovic-September08-005-18x12.jpg 18w\" alt=\"\" width=\"2048\" height=\"1365\" \/><\/a><\/p>\n<p class=\"x_MsoNormal\">U svom sedmom izdanju, Kaleidoskop kulture \u0107e predstaviti sve ono \u0161to ga \u010dini jednom od najva\u017enijih umetni\u010dkih smotri u ovom delu Evrope.<\/p>\n<p class=\"x_MsoNormal\">Pratite nas i saznajte prvi koji nas programi o\u010dekuju.<\/p>\n","protected":false},"excerpt":{"rendered":"<p>Kaleidoskop je jedinstveni program kulture u Evropi. Kao najzna\u010dajnija umetni\u010dka smotra u regionu, pozicionirao se kod publike i na evropskoj kulturnoj mapi najpresti\u017enijim priznanjima. Ono \u0161to ga izdvaja od drugih je autenti\u010dni programski koncept: 4\/5 \u2013 Kaleidoskop kulture ima \u010detiri&#8230;<\/p>\n","protected":false},"author":10,"featured_media":12060,"comment_status":"closed","ping_status":"closed","sticky":false,"template":"","format":"standard","meta":{"footnotes":""},"categories":[294,450],"tags":[],"class_list":["post-12059","post","type-post","status-publish","format-standard","has-post-thumbnail","hentry","category-aktuelno-vesti","category-kaleidoskop-kulture-2024"],"yoast_head":"<!-- This site is optimized with the Yoast SEO plugin v22.4 - https:\/\/yoast.com\/wordpress\/plugins\/seo\/ -->\n<title>\u0160ta je X faktor Kaleidoskopa kulture? - Kaleidoskop kulture<\/title>\n<meta name=\"robots\" content=\"index, follow, max-snippet:-1, max-image-preview:large, max-video-preview:-1\" \/>\n<link rel=\"canonical\" href=\"https:\/\/kaleidoskopkulture.com\/sr\/sta-je-x-faktor-kaleidoskopa-kulture\/\" \/>\n<meta property=\"og:locale\" content=\"sr_RS\" \/>\n<meta property=\"og:type\" content=\"article\" \/>\n<meta property=\"og:title\" content=\"\u0160ta je X faktor Kaleidoskopa kulture? - Kaleidoskop kulture\" \/>\n<meta property=\"og:description\" content=\"Kaleidoskop je jedinstveni program kulture u Evropi. Kao najzna\u010dajnija umetni\u010dka smotra u regionu, pozicionirao se kod publike i na evropskoj kulturnoj mapi najpresti\u017enijim priznanjima. Ono \u0161to ga izdvaja od drugih je autenti\u010dni programski koncept: 4\/5 \u2013 Kaleidoskop kulture ima \u010detiri...\" \/>\n<meta property=\"og:url\" content=\"https:\/\/kaleidoskopkulture.com\/sr\/sta-je-x-faktor-kaleidoskopa-kulture\/\" \/>\n<meta property=\"og:site_name\" content=\"Kaleidoskop kulture\" \/>\n<meta property=\"article:published_time\" content=\"2024-08-05T08:06:44+00:00\" \/>\n<meta property=\"og:image\" content=\"https:\/\/kaleidoskopkulture.com\/wp-content\/uploads\/2024\/08\/V.Velickovic-September07-043-e1722845195825.jpg\" \/>\n\t<meta property=\"og:image:width\" content=\"1200\" \/>\n\t<meta property=\"og:image:height\" content=\"800\" \/>\n\t<meta property=\"og:image:type\" content=\"image\/jpeg\" \/>\n<meta name=\"author\" content=\"Jasmina Toma\u0161evi\u0107\" \/>\n<meta name=\"twitter:card\" content=\"summary_large_image\" \/>\n<meta name=\"twitter:label1\" content=\"Napisano od\" \/>\n\t<meta name=\"twitter:data1\" content=\"Jasmina Toma\u0161evi\u0107\" \/>\n\t<meta name=\"twitter:label2\" content=\"Procenjeno vreme \u010ditanja\" \/>\n\t<meta name=\"twitter:data2\" content=\"2 minuta\" \/>\n<script type=\"application\/ld+json\" class=\"yoast-schema-graph\">{\"@context\":\"https:\/\/schema.org\",\"@graph\":[{\"@type\":\"Article\",\"@id\":\"https:\/\/kaleidoskopkulture.com\/sr\/sta-je-x-faktor-kaleidoskopa-kulture\/#article\",\"isPartOf\":{\"@id\":\"https:\/\/kaleidoskopkulture.com\/sr\/sta-je-x-faktor-kaleidoskopa-kulture\/\"},\"author\":{\"name\":\"Jasmina Toma\u0161evi\u0107\",\"@id\":\"https:\/\/kaleidoskopkulture.com\/sr\/#\/schema\/person\/0d8d753b697d706199f9ad6795577075\"},\"headline\":\"\u0160ta je X faktor Kaleidoskopa kulture?\",\"datePublished\":\"2024-08-05T08:06:44+00:00\",\"dateModified\":\"2024-08-05T08:06:44+00:00\",\"mainEntityOfPage\":{\"@id\":\"https:\/\/kaleidoskopkulture.com\/sr\/sta-je-x-faktor-kaleidoskopa-kulture\/\"},\"wordCount\":371,\"publisher\":{\"@id\":\"https:\/\/kaleidoskopkulture.com\/sr\/#organization\"},\"image\":{\"@id\":\"https:\/\/kaleidoskopkulture.com\/sr\/sta-je-x-faktor-kaleidoskopa-kulture\/#primaryimage\"},\"thumbnailUrl\":\"https:\/\/kaleidoskopkulture.com\/wp-content\/uploads\/2024\/08\/V.Velickovic-September07-043-e1722845195825.jpg\",\"articleSection\":[\"Aktuelno vesti\",\"Kaleidoskop kulture 2024.\"],\"inLanguage\":\"sr-RS\"},{\"@type\":\"WebPage\",\"@id\":\"https:\/\/kaleidoskopkulture.com\/sr\/sta-je-x-faktor-kaleidoskopa-kulture\/\",\"url\":\"https:\/\/kaleidoskopkulture.com\/sr\/sta-je-x-faktor-kaleidoskopa-kulture\/\",\"name\":\"\u0160ta je X faktor Kaleidoskopa kulture? - Kaleidoskop kulture\",\"isPartOf\":{\"@id\":\"https:\/\/kaleidoskopkulture.com\/sr\/#website\"},\"primaryImageOfPage\":{\"@id\":\"https:\/\/kaleidoskopkulture.com\/sr\/sta-je-x-faktor-kaleidoskopa-kulture\/#primaryimage\"},\"image\":{\"@id\":\"https:\/\/kaleidoskopkulture.com\/sr\/sta-je-x-faktor-kaleidoskopa-kulture\/#primaryimage\"},\"thumbnailUrl\":\"https:\/\/kaleidoskopkulture.com\/wp-content\/uploads\/2024\/08\/V.Velickovic-September07-043-e1722845195825.jpg\",\"datePublished\":\"2024-08-05T08:06:44+00:00\",\"dateModified\":\"2024-08-05T08:06:44+00:00\",\"breadcrumb\":{\"@id\":\"https:\/\/kaleidoskopkulture.com\/sr\/sta-je-x-faktor-kaleidoskopa-kulture\/#breadcrumb\"},\"inLanguage\":\"sr-RS\",\"potentialAction\":[{\"@type\":\"ReadAction\",\"target\":[\"https:\/\/kaleidoskopkulture.com\/sr\/sta-je-x-faktor-kaleidoskopa-kulture\/\"]}]},{\"@type\":\"ImageObject\",\"inLanguage\":\"sr-RS\",\"@id\":\"https:\/\/kaleidoskopkulture.com\/sr\/sta-je-x-faktor-kaleidoskopa-kulture\/#primaryimage\",\"url\":\"https:\/\/kaleidoskopkulture.com\/wp-content\/uploads\/2024\/08\/V.Velickovic-September07-043-e1722845195825.jpg\",\"contentUrl\":\"https:\/\/kaleidoskopkulture.com\/wp-content\/uploads\/2024\/08\/V.Velickovic-September07-043-e1722845195825.jpg\",\"width\":1200,\"height\":800},{\"@type\":\"BreadcrumbList\",\"@id\":\"https:\/\/kaleidoskopkulture.com\/sr\/sta-je-x-faktor-kaleidoskopa-kulture\/#breadcrumb\",\"itemListElement\":[{\"@type\":\"ListItem\",\"position\":1,\"name\":\"Home\",\"item\":\"https:\/\/kaleidoskopkulture.com\/sr\/\"},{\"@type\":\"ListItem\",\"position\":2,\"name\":\"\u0160ta je X faktor Kaleidoskopa kulture?\"}]},{\"@type\":\"WebSite\",\"@id\":\"https:\/\/kaleidoskopkulture.com\/sr\/#website\",\"url\":\"https:\/\/kaleidoskopkulture.com\/sr\/\",\"name\":\"Kaleidoskop kulture\",\"description\":\"Novo lice kulture u Novom Sadu\",\"publisher\":{\"@id\":\"https:\/\/kaleidoskopkulture.com\/sr\/#organization\"},\"potentialAction\":[{\"@type\":\"SearchAction\",\"target\":{\"@type\":\"EntryPoint\",\"urlTemplate\":\"https:\/\/kaleidoskopkulture.com\/sr\/?s={search_term_string}\"},\"query-input\":\"required name=search_term_string\"}],\"inLanguage\":\"sr-RS\"},{\"@type\":\"Organization\",\"@id\":\"https:\/\/kaleidoskopkulture.com\/sr\/#organization\",\"name\":\"Kaleidoskop kulture\",\"url\":\"https:\/\/kaleidoskopkulture.com\/sr\/\",\"logo\":{\"@type\":\"ImageObject\",\"inLanguage\":\"sr-RS\",\"@id\":\"https:\/\/kaleidoskopkulture.com\/sr\/#\/schema\/logo\/image\/\",\"url\":\"https:\/\/kaleidoskopkulture.com\/wp-content\/uploads\/2022\/08\/cropped-kk-logo-1-1.png\",\"contentUrl\":\"https:\/\/kaleidoskopkulture.com\/wp-content\/uploads\/2022\/08\/cropped-kk-logo-1-1.png\",\"width\":260,\"height\":90,\"caption\":\"Kaleidoskop kulture\"},\"image\":{\"@id\":\"https:\/\/kaleidoskopkulture.com\/sr\/#\/schema\/logo\/image\/\"}},{\"@type\":\"Person\",\"@id\":\"https:\/\/kaleidoskopkulture.com\/sr\/#\/schema\/person\/0d8d753b697d706199f9ad6795577075\",\"name\":\"Jasmina Toma\u0161evi\u0107\",\"image\":{\"@type\":\"ImageObject\",\"inLanguage\":\"sr-RS\",\"@id\":\"https:\/\/kaleidoskopkulture.com\/sr\/#\/schema\/person\/image\/\",\"url\":\"https:\/\/secure.gravatar.com\/avatar\/d2e726a2a0cc0212782f6b85597f58c9?s=96&d=mm&r=g\",\"contentUrl\":\"https:\/\/secure.gravatar.com\/avatar\/d2e726a2a0cc0212782f6b85597f58c9?s=96&d=mm&r=g\",\"caption\":\"Jasmina Toma\u0161evi\u0107\"}}]}<\/script>\n<!-- \/ Yoast SEO plugin. -->","yoast_head_json":{"title":"\u0160ta je X faktor Kaleidoskopa kulture? - Kaleidoskop kulture","robots":{"index":"index","follow":"follow","max-snippet":"max-snippet:-1","max-image-preview":"max-image-preview:large","max-video-preview":"max-video-preview:-1"},"canonical":"https:\/\/kaleidoskopkulture.com\/sr\/sta-je-x-faktor-kaleidoskopa-kulture\/","og_locale":"sr_RS","og_type":"article","og_title":"\u0160ta je X faktor Kaleidoskopa kulture? - Kaleidoskop kulture","og_description":"Kaleidoskop je jedinstveni program kulture u Evropi. Kao najzna\u010dajnija umetni\u010dka smotra u regionu, pozicionirao se kod publike i na evropskoj kulturnoj mapi najpresti\u017enijim priznanjima. Ono \u0161to ga izdvaja od drugih je autenti\u010dni programski koncept: 4\/5 \u2013 Kaleidoskop kulture ima \u010detiri...","og_url":"https:\/\/kaleidoskopkulture.com\/sr\/sta-je-x-faktor-kaleidoskopa-kulture\/","og_site_name":"Kaleidoskop kulture","article_published_time":"2024-08-05T08:06:44+00:00","og_image":[{"width":1200,"height":800,"url":"https:\/\/kaleidoskopkulture.com\/wp-content\/uploads\/2024\/08\/V.Velickovic-September07-043-e1722845195825.jpg","type":"image\/jpeg"}],"author":"Jasmina Toma\u0161evi\u0107","twitter_card":"summary_large_image","twitter_misc":{"Napisano od":"Jasmina Toma\u0161evi\u0107","Procenjeno vreme \u010ditanja":"2 minuta"},"schema":{"@context":"https:\/\/schema.org","@graph":[{"@type":"Article","@id":"https:\/\/kaleidoskopkulture.com\/sr\/sta-je-x-faktor-kaleidoskopa-kulture\/#article","isPartOf":{"@id":"https:\/\/kaleidoskopkulture.com\/sr\/sta-je-x-faktor-kaleidoskopa-kulture\/"},"author":{"name":"Jasmina Toma\u0161evi\u0107","@id":"https:\/\/kaleidoskopkulture.com\/sr\/#\/schema\/person\/0d8d753b697d706199f9ad6795577075"},"headline":"\u0160ta je X faktor Kaleidoskopa kulture?","datePublished":"2024-08-05T08:06:44+00:00","dateModified":"2024-08-05T08:06:44+00:00","mainEntityOfPage":{"@id":"https:\/\/kaleidoskopkulture.com\/sr\/sta-je-x-faktor-kaleidoskopa-kulture\/"},"wordCount":371,"publisher":{"@id":"https:\/\/kaleidoskopkulture.com\/sr\/#organization"},"image":{"@id":"https:\/\/kaleidoskopkulture.com\/sr\/sta-je-x-faktor-kaleidoskopa-kulture\/#primaryimage"},"thumbnailUrl":"https:\/\/kaleidoskopkulture.com\/wp-content\/uploads\/2024\/08\/V.Velickovic-September07-043-e1722845195825.jpg","articleSection":["Aktuelno vesti","Kaleidoskop kulture 2024."],"inLanguage":"sr-RS"},{"@type":"WebPage","@id":"https:\/\/kaleidoskopkulture.com\/sr\/sta-je-x-faktor-kaleidoskopa-kulture\/","url":"https:\/\/kaleidoskopkulture.com\/sr\/sta-je-x-faktor-kaleidoskopa-kulture\/","name":"\u0160ta je X faktor Kaleidoskopa kulture? - Kaleidoskop kulture","isPartOf":{"@id":"https:\/\/kaleidoskopkulture.com\/sr\/#website"},"primaryImageOfPage":{"@id":"https:\/\/kaleidoskopkulture.com\/sr\/sta-je-x-faktor-kaleidoskopa-kulture\/#primaryimage"},"image":{"@id":"https:\/\/kaleidoskopkulture.com\/sr\/sta-je-x-faktor-kaleidoskopa-kulture\/#primaryimage"},"thumbnailUrl":"https:\/\/kaleidoskopkulture.com\/wp-content\/uploads\/2024\/08\/V.Velickovic-September07-043-e1722845195825.jpg","datePublished":"2024-08-05T08:06:44+00:00","dateModified":"2024-08-05T08:06:44+00:00","breadcrumb":{"@id":"https:\/\/kaleidoskopkulture.com\/sr\/sta-je-x-faktor-kaleidoskopa-kulture\/#breadcrumb"},"inLanguage":"sr-RS","potentialAction":[{"@type":"ReadAction","target":["https:\/\/kaleidoskopkulture.com\/sr\/sta-je-x-faktor-kaleidoskopa-kulture\/"]}]},{"@type":"ImageObject","inLanguage":"sr-RS","@id":"https:\/\/kaleidoskopkulture.com\/sr\/sta-je-x-faktor-kaleidoskopa-kulture\/#primaryimage","url":"https:\/\/kaleidoskopkulture.com\/wp-content\/uploads\/2024\/08\/V.Velickovic-September07-043-e1722845195825.jpg","contentUrl":"https:\/\/kaleidoskopkulture.com\/wp-content\/uploads\/2024\/08\/V.Velickovic-September07-043-e1722845195825.jpg","width":1200,"height":800},{"@type":"BreadcrumbList","@id":"https:\/\/kaleidoskopkulture.com\/sr\/sta-je-x-faktor-kaleidoskopa-kulture\/#breadcrumb","itemListElement":[{"@type":"ListItem","position":1,"name":"Home","item":"https:\/\/kaleidoskopkulture.com\/sr\/"},{"@type":"ListItem","position":2,"name":"\u0160ta je X faktor Kaleidoskopa kulture?"}]},{"@type":"WebSite","@id":"https:\/\/kaleidoskopkulture.com\/sr\/#website","url":"https:\/\/kaleidoskopkulture.com\/sr\/","name":"Kaleidoskop kulture","description":"Novo lice kulture u Novom Sadu","publisher":{"@id":"https:\/\/kaleidoskopkulture.com\/sr\/#organization"},"potentialAction":[{"@type":"SearchAction","target":{"@type":"EntryPoint","urlTemplate":"https:\/\/kaleidoskopkulture.com\/sr\/?s={search_term_string}"},"query-input":"required name=search_term_string"}],"inLanguage":"sr-RS"},{"@type":"Organization","@id":"https:\/\/kaleidoskopkulture.com\/sr\/#organization","name":"Kaleidoskop kulture","url":"https:\/\/kaleidoskopkulture.com\/sr\/","logo":{"@type":"ImageObject","inLanguage":"sr-RS","@id":"https:\/\/kaleidoskopkulture.com\/sr\/#\/schema\/logo\/image\/","url":"https:\/\/kaleidoskopkulture.com\/wp-content\/uploads\/2022\/08\/cropped-kk-logo-1-1.png","contentUrl":"https:\/\/kaleidoskopkulture.com\/wp-content\/uploads\/2022\/08\/cropped-kk-logo-1-1.png","width":260,"height":90,"caption":"Kaleidoskop kulture"},"image":{"@id":"https:\/\/kaleidoskopkulture.com\/sr\/#\/schema\/logo\/image\/"}},{"@type":"Person","@id":"https:\/\/kaleidoskopkulture.com\/sr\/#\/schema\/person\/0d8d753b697d706199f9ad6795577075","name":"Jasmina Toma\u0161evi\u0107","image":{"@type":"ImageObject","inLanguage":"sr-RS","@id":"https:\/\/kaleidoskopkulture.com\/sr\/#\/schema\/person\/image\/","url":"https:\/\/secure.gravatar.com\/avatar\/d2e726a2a0cc0212782f6b85597f58c9?s=96&d=mm&r=g","contentUrl":"https:\/\/secure.gravatar.com\/avatar\/d2e726a2a0cc0212782f6b85597f58c9?s=96&d=mm&r=g","caption":"Jasmina Toma\u0161evi\u0107"}}]}},"_links":{"self":[{"href":"https:\/\/kaleidoskopkulture.com\/sr\/wp-json\/wp\/v2\/posts\/12059","targetHints":{"allow":["GET"]}}],"collection":[{"href":"https:\/\/kaleidoskopkulture.com\/sr\/wp-json\/wp\/v2\/posts"}],"about":[{"href":"https:\/\/kaleidoskopkulture.com\/sr\/wp-json\/wp\/v2\/types\/post"}],"author":[{"embeddable":true,"href":"https:\/\/kaleidoskopkulture.com\/sr\/wp-json\/wp\/v2\/users\/10"}],"replies":[{"embeddable":true,"href":"https:\/\/kaleidoskopkulture.com\/sr\/wp-json\/wp\/v2\/comments?post=12059"}],"version-history":[{"count":1,"href":"https:\/\/kaleidoskopkulture.com\/sr\/wp-json\/wp\/v2\/posts\/12059\/revisions"}],"predecessor-version":[{"id":12062,"href":"https:\/\/kaleidoskopkulture.com\/sr\/wp-json\/wp\/v2\/posts\/12059\/revisions\/12062"}],"wp:featuredmedia":[{"embeddable":true,"href":"https:\/\/kaleidoskopkulture.com\/sr\/wp-json\/wp\/v2\/media\/12060"}],"wp:attachment":[{"href":"https:\/\/kaleidoskopkulture.com\/sr\/wp-json\/wp\/v2\/media?parent=12059"}],"wp:term":[{"taxonomy":"category","embeddable":true,"href":"https:\/\/kaleidoskopkulture.com\/sr\/wp-json\/wp\/v2\/categories?post=12059"},{"taxonomy":"post_tag","embeddable":true,"href":"https:\/\/kaleidoskopkulture.com\/sr\/wp-json\/wp\/v2\/tags?post=12059"}],"curies":[{"name":"wp","href":"https:\/\/api.w.org\/{rel}","templated":true}]}}