{"id":1067,"date":"2018-08-28T11:00:39","date_gmt":"2018-08-28T09:00:39","guid":{"rendered":"https:\/\/kaleidoskopkulture.com\/?p=1067"},"modified":"2020-08-28T11:20:57","modified_gmt":"2020-08-28T09:20:57","slug":"david-moreno-gradic-fest-otvaranje","status":"publish","type":"post","link":"https:\/\/kaleidoskopkulture.com\/sr\/david-moreno-gradic-fest-otvaranje\/","title":{"rendered":"Fondacija \u201eNovi Sad 2021\u201c donosi spektakl na otvaranje Gradi\u0107 festa"},"content":{"rendered":"<p>U okviru programa \u201eArtists in residence\u201d Fondacije Novi Sad 2021, <strong>\u0161panski pijanista<\/strong> <strong>David Moreno<\/strong> <strong>predstavi\u0107e se novosadskoj publici nesvakida\u0161njim nastupom u vazduhu<\/strong> u \u010detvrtak, 30. avgusta u 21 \u010das u Podgra\u0111u Petrovaradinske tvr\u0111ave, ispred Beogradske kapije.<!--more--><\/p>\n<p>David Moreno u Novi Sad dolazi u sklopu Kaleidoskopa kulture, a sve u cilju zajedni\u010dkog kreiranja prostora i programa kulture u na\u0161em gradu. Kao i sam Kaleidoskop i David Moreno traga za vrhunskim umetni\u010dkim izrazom spajaju\u0107i muziku, pozori\u0161te, ples, film i druge umetnosti oblikuju\u0107i na taj na\u010din svoj jedinstven i prepoznatljiv scenski izraz.<\/p>\n<p>Posle nezaboravnog <a href=\"https:\/\/kaleidoskopkulture.com\/sr\/otvoren-kaleidoskop-kulture\/\">sve\u010danog otvaranja Kaleidoskopa<\/a> kod tzv, \u010ce\u0161kog magacina, publika u Novom Sadu ponovo \u0107e imati priliku da vidi performans koji \u0107e je ostaviti bez daha. Po zavr\u0161etku tradicionalne povorke Novosa\u0111ana i u\u010desnika festivala Uli\u010dnih svira\u010da ulicama Novog Sada, \u0161panski umetnik \u0107e se publici predstaviti performansom \u201eFloten Tecles\u201d nastupaju\u0107i sa klavirom \u0161est metara iznad pozornice. Poklopac njegovog klavira predstavlja\u0107e bioskopsko platno za projekciju filma u \u010dijoj izvedbi u\u010destvuje i sam Moreno, kao glumac, performer i vrhunski umetnik.<\/p>\n<p>Pored Davida Morena, ravno iz Kosmosa na na\u0161u planetu sti\u017ee <strong>Svemirko \u2013 Marko Vukovi\u0107<\/strong>, muzi\u010dar koji \u0107e poku\u0161ati da vas odvoji od sopstvene savesti. Nakon albuma \u201eVanilije\u201d, emo-macho pop nastavlja svoju zvu\u010dnu progresiju drugim studijskim albumom \u201eTunguzija\u201d koji \u0107e izvesti u petak 31. avgusta, ta\u010dno u pono\u0107 na glavnoj bini, u podgra\u0111u Petrovaradinske tvr\u0111ave.<\/p>\n<p>U subotu 1. septembra od 22:30, tako\u0111e na glavnoj bini Gradi\u0107 festa, sazna\u0107ete kako zvu\u010de najve\u0107i muzi\u010dki hitovi kada se sviraju na de\u010dijim instrumentima.<\/p>\n<p>The Wackids, francuska muzi\u010dka grupa, numere izvodi na japanskom sintisajzeru i de\u010djem setu bubnjeva \u201eHello Kitty\u201d i predstavlja pravo iznena\u0111enje za sve posetioce.<\/p>\n<hr \/>\n<p>Ovim se nastavlja Kaleidoskop kulture \u2013 novosadsko delo kulture zajedni\u0161tva, koji \u0107e u narednih pet nedelja predstaviti, kroz brojne postoje\u0107e i nove platforme i nove sadr\u017eaje. Kroz arhitekturu, knji\u017eevnost, izvo\u0111a\u010dku umetnost, primenjenu i vizuelnu umetnost publika \u0107e u\u017eivati u nesvakida\u0161njim performansima inostranih i doma\u0107ih umetnika na vi\u0161e od 80 lokacija.<\/p>\n<p>Samo neki od zanimljivih programa Kaleidoskopa su otvaranje novih mesta \u2013 Korzo i E\u0111\u0161eg, muzi\u010dki koncerti od klasi\u010dne do rok muzike, pozori\u0161ne predstave \u201eKrvave svadbe\u201d, \u201ePepeljuga\u201d, lutkarska predstava za odrasle \u201eZatvorenik i \u0160estoprsti\u201d, savremeni cirkus, interesantne izlo\u017ebe \u0161irom Novog Sada kao \u0161to su \u201eSaputnici\u201d, \u201eNova mesta\u201d, medijske instalacije, savremeni ples, film prikazan na tradicionalne i jo\u0161 do sada nevi\u0111ene na\u010dine i brojne druge sadr\u017eaje.<\/p>\n","protected":false},"excerpt":{"rendered":"<p>U okviru programa \u201eArtists in residence\u201d Fondacije Novi Sad 2021, \u0161panski pijanista David Moreno predstavi\u0107e se novosadskoj publici nesvakida\u0161njim nastupom u vazduhu u \u010detvrtak, 30. avgusta u 21 \u010das u Podgra\u0111u Petrovaradinske tvr\u0111ave, ispred Beogradske kapije.<\/p>\n","protected":false},"author":7,"featured_media":859,"comment_status":"closed","ping_status":"closed","sticky":false,"template":"","format":"standard","meta":{"footnotes":""},"categories":[31],"tags":[161,46,122],"class_list":["post-1067","post","type-post","status-publish","format-standard","has-post-thumbnail","hentry","category-kaleidoskop-kulture-2018","tag-david-moreno","tag-gradic-fest","tag-kaleidoskop-kulture-2018"],"yoast_head":"<!-- This site is optimized with the Yoast SEO plugin v22.4 - https:\/\/yoast.com\/wordpress\/plugins\/seo\/ -->\n<title>Fondacija \u201eNovi Sad 2021\u201c donosi spektakl na otvaranje Gradi\u0107 festa<\/title>\n<meta name=\"description\" content=\"\u0160panski pijanista David Moreno predstavi\u0107e se novosadskoj publici nesvakida\u0161njim nastupom u vazduhu u Podgra\u0111u Petrovaradinske tvr\u0111ave.\" \/>\n<meta name=\"robots\" content=\"index, follow, max-snippet:-1, max-image-preview:large, max-video-preview:-1\" \/>\n<link rel=\"canonical\" href=\"https:\/\/kaleidoskopkulture.com\/sr\/david-moreno-gradic-fest-otvaranje\/\" \/>\n<meta property=\"og:locale\" content=\"sr_RS\" \/>\n<meta property=\"og:type\" content=\"article\" \/>\n<meta property=\"og:title\" content=\"Fondacija \u201eNovi Sad 2021\u201c donosi spektakl na otvaranje Gradi\u0107 festa\" \/>\n<meta property=\"og:description\" content=\"\u0160panski pijanista David Moreno predstavi\u0107e se novosadskoj publici nesvakida\u0161njim nastupom u vazduhu u Podgra\u0111u Petrovaradinske tvr\u0111ave.\" \/>\n<meta property=\"og:url\" content=\"https:\/\/kaleidoskopkulture.com\/sr\/david-moreno-gradic-fest-otvaranje\/\" \/>\n<meta property=\"og:site_name\" content=\"Kaleidoskop kulture\" \/>\n<meta property=\"article:published_time\" content=\"2018-08-28T09:00:39+00:00\" \/>\n<meta property=\"article:modified_time\" content=\"2020-08-28T09:20:57+00:00\" \/>\n<meta property=\"og:image\" content=\"https:\/\/kaleidoskopkulture.com\/wp-content\/uploads\/2018\/08\/ulicni_sviraci_otvaranje_moreno_gore_10-scaled.jpg\" \/>\n\t<meta property=\"og:image:width\" content=\"1706\" \/>\n\t<meta property=\"og:image:height\" content=\"2560\" \/>\n\t<meta property=\"og:image:type\" content=\"image\/jpeg\" \/>\n<meta name=\"author\" content=\"Milana Rati\u0107\" \/>\n<meta name=\"twitter:card\" content=\"summary_large_image\" \/>\n<meta name=\"twitter:label1\" content=\"Napisano od\" \/>\n\t<meta name=\"twitter:data1\" content=\"Milana Rati\u0107\" \/>\n\t<meta name=\"twitter:label2\" content=\"Procenjeno vreme \u010ditanja\" \/>\n\t<meta name=\"twitter:data2\" content=\"2 minuta\" \/>\n<script type=\"application\/ld+json\" class=\"yoast-schema-graph\">{\"@context\":\"https:\/\/schema.org\",\"@graph\":[{\"@type\":\"Article\",\"@id\":\"https:\/\/kaleidoskopkulture.com\/sr\/david-moreno-gradic-fest-otvaranje\/#article\",\"isPartOf\":{\"@id\":\"https:\/\/kaleidoskopkulture.com\/sr\/david-moreno-gradic-fest-otvaranje\/\"},\"author\":{\"name\":\"Milana Rati\u0107\",\"@id\":\"https:\/\/kaleidoskopkulture.com\/sr\/#\/schema\/person\/5bb478a7901574f95a4e73f4fd8cebb1\"},\"headline\":\"Fondacija \u201eNovi Sad 2021\u201c donosi spektakl na otvaranje Gradi\u0107 festa\",\"datePublished\":\"2018-08-28T09:00:39+00:00\",\"dateModified\":\"2020-08-28T09:20:57+00:00\",\"mainEntityOfPage\":{\"@id\":\"https:\/\/kaleidoskopkulture.com\/sr\/david-moreno-gradic-fest-otvaranje\/\"},\"wordCount\":436,\"publisher\":{\"@id\":\"https:\/\/kaleidoskopkulture.com\/sr\/#organization\"},\"image\":{\"@id\":\"https:\/\/kaleidoskopkulture.com\/sr\/david-moreno-gradic-fest-otvaranje\/#primaryimage\"},\"thumbnailUrl\":\"https:\/\/kaleidoskopkulture.com\/wp-content\/uploads\/2018\/08\/ulicni_sviraci_otvaranje_moreno_gore_10-scaled.jpg\",\"keywords\":[\"David Moreno\",\"Gradi\u0107 Fest\",\"Kaleidoskop kulture 2018\"],\"articleSection\":[\"Kaleidoskop kulture 2018.\"],\"inLanguage\":\"sr-RS\"},{\"@type\":\"WebPage\",\"@id\":\"https:\/\/kaleidoskopkulture.com\/sr\/david-moreno-gradic-fest-otvaranje\/\",\"url\":\"https:\/\/kaleidoskopkulture.com\/sr\/david-moreno-gradic-fest-otvaranje\/\",\"name\":\"Fondacija \u201eNovi Sad 2021\u201c donosi spektakl na otvaranje Gradi\u0107 festa\",\"isPartOf\":{\"@id\":\"https:\/\/kaleidoskopkulture.com\/sr\/#website\"},\"primaryImageOfPage\":{\"@id\":\"https:\/\/kaleidoskopkulture.com\/sr\/david-moreno-gradic-fest-otvaranje\/#primaryimage\"},\"image\":{\"@id\":\"https:\/\/kaleidoskopkulture.com\/sr\/david-moreno-gradic-fest-otvaranje\/#primaryimage\"},\"thumbnailUrl\":\"https:\/\/kaleidoskopkulture.com\/wp-content\/uploads\/2018\/08\/ulicni_sviraci_otvaranje_moreno_gore_10-scaled.jpg\",\"datePublished\":\"2018-08-28T09:00:39+00:00\",\"dateModified\":\"2020-08-28T09:20:57+00:00\",\"description\":\"\u0160panski pijanista David Moreno predstavi\u0107e se novosadskoj publici nesvakida\u0161njim nastupom u vazduhu u Podgra\u0111u Petrovaradinske tvr\u0111ave.\",\"breadcrumb\":{\"@id\":\"https:\/\/kaleidoskopkulture.com\/sr\/david-moreno-gradic-fest-otvaranje\/#breadcrumb\"},\"inLanguage\":\"sr-RS\",\"potentialAction\":[{\"@type\":\"ReadAction\",\"target\":[\"https:\/\/kaleidoskopkulture.com\/sr\/david-moreno-gradic-fest-otvaranje\/\"]}]},{\"@type\":\"ImageObject\",\"inLanguage\":\"sr-RS\",\"@id\":\"https:\/\/kaleidoskopkulture.com\/sr\/david-moreno-gradic-fest-otvaranje\/#primaryimage\",\"url\":\"https:\/\/kaleidoskopkulture.com\/wp-content\/uploads\/2018\/08\/ulicni_sviraci_otvaranje_moreno_gore_10-scaled.jpg\",\"contentUrl\":\"https:\/\/kaleidoskopkulture.com\/wp-content\/uploads\/2018\/08\/ulicni_sviraci_otvaranje_moreno_gore_10-scaled.jpg\",\"width\":1706,\"height\":2560,\"caption\":\"David Moreno\"},{\"@type\":\"BreadcrumbList\",\"@id\":\"https:\/\/kaleidoskopkulture.com\/sr\/david-moreno-gradic-fest-otvaranje\/#breadcrumb\",\"itemListElement\":[{\"@type\":\"ListItem\",\"position\":1,\"name\":\"Home\",\"item\":\"https:\/\/kaleidoskopkulture.com\/sr\/\"},{\"@type\":\"ListItem\",\"position\":2,\"name\":\"Fondacija \u201eNovi Sad 2021\u201c donosi spektakl na otvaranje Gradi\u0107 festa\"}]},{\"@type\":\"WebSite\",\"@id\":\"https:\/\/kaleidoskopkulture.com\/sr\/#website\",\"url\":\"https:\/\/kaleidoskopkulture.com\/sr\/\",\"name\":\"Kaleidoskop kulture\",\"description\":\"Novo lice kulture u Novom Sadu\",\"publisher\":{\"@id\":\"https:\/\/kaleidoskopkulture.com\/sr\/#organization\"},\"potentialAction\":[{\"@type\":\"SearchAction\",\"target\":{\"@type\":\"EntryPoint\",\"urlTemplate\":\"https:\/\/kaleidoskopkulture.com\/sr\/?s={search_term_string}\"},\"query-input\":\"required name=search_term_string\"}],\"inLanguage\":\"sr-RS\"},{\"@type\":\"Organization\",\"@id\":\"https:\/\/kaleidoskopkulture.com\/sr\/#organization\",\"name\":\"Kaleidoskop kulture\",\"url\":\"https:\/\/kaleidoskopkulture.com\/sr\/\",\"logo\":{\"@type\":\"ImageObject\",\"inLanguage\":\"sr-RS\",\"@id\":\"https:\/\/kaleidoskopkulture.com\/sr\/#\/schema\/logo\/image\/\",\"url\":\"https:\/\/kaleidoskopkulture.com\/wp-content\/uploads\/2022\/08\/cropped-kk-logo-1-1.png\",\"contentUrl\":\"https:\/\/kaleidoskopkulture.com\/wp-content\/uploads\/2022\/08\/cropped-kk-logo-1-1.png\",\"width\":260,\"height\":90,\"caption\":\"Kaleidoskop kulture\"},\"image\":{\"@id\":\"https:\/\/kaleidoskopkulture.com\/sr\/#\/schema\/logo\/image\/\"}},{\"@type\":\"Person\",\"@id\":\"https:\/\/kaleidoskopkulture.com\/sr\/#\/schema\/person\/5bb478a7901574f95a4e73f4fd8cebb1\",\"name\":\"Milana Rati\u0107\",\"image\":{\"@type\":\"ImageObject\",\"inLanguage\":\"sr-RS\",\"@id\":\"https:\/\/kaleidoskopkulture.com\/sr\/#\/schema\/person\/image\/\",\"url\":\"https:\/\/secure.gravatar.com\/avatar\/3ff80e830bacddd25af3f575bedcdd71?s=96&d=mm&r=g\",\"contentUrl\":\"https:\/\/secure.gravatar.com\/avatar\/3ff80e830bacddd25af3f575bedcdd71?s=96&d=mm&r=g\",\"caption\":\"Milana Rati\u0107\"}}]}<\/script>\n<!-- \/ Yoast SEO plugin. -->","yoast_head_json":{"title":"Fondacija \u201eNovi Sad 2021\u201c donosi spektakl na otvaranje Gradi\u0107 festa","description":"\u0160panski pijanista David Moreno predstavi\u0107e se novosadskoj publici nesvakida\u0161njim nastupom u vazduhu u Podgra\u0111u Petrovaradinske tvr\u0111ave.","robots":{"index":"index","follow":"follow","max-snippet":"max-snippet:-1","max-image-preview":"max-image-preview:large","max-video-preview":"max-video-preview:-1"},"canonical":"https:\/\/kaleidoskopkulture.com\/sr\/david-moreno-gradic-fest-otvaranje\/","og_locale":"sr_RS","og_type":"article","og_title":"Fondacija \u201eNovi Sad 2021\u201c donosi spektakl na otvaranje Gradi\u0107 festa","og_description":"\u0160panski pijanista David Moreno predstavi\u0107e se novosadskoj publici nesvakida\u0161njim nastupom u vazduhu u Podgra\u0111u Petrovaradinske tvr\u0111ave.","og_url":"https:\/\/kaleidoskopkulture.com\/sr\/david-moreno-gradic-fest-otvaranje\/","og_site_name":"Kaleidoskop kulture","article_published_time":"2018-08-28T09:00:39+00:00","article_modified_time":"2020-08-28T09:20:57+00:00","og_image":[{"width":1706,"height":2560,"url":"https:\/\/kaleidoskopkulture.com\/wp-content\/uploads\/2018\/08\/ulicni_sviraci_otvaranje_moreno_gore_10-scaled.jpg","type":"image\/jpeg"}],"author":"Milana Rati\u0107","twitter_card":"summary_large_image","twitter_misc":{"Napisano od":"Milana Rati\u0107","Procenjeno vreme \u010ditanja":"2 minuta"},"schema":{"@context":"https:\/\/schema.org","@graph":[{"@type":"Article","@id":"https:\/\/kaleidoskopkulture.com\/sr\/david-moreno-gradic-fest-otvaranje\/#article","isPartOf":{"@id":"https:\/\/kaleidoskopkulture.com\/sr\/david-moreno-gradic-fest-otvaranje\/"},"author":{"name":"Milana Rati\u0107","@id":"https:\/\/kaleidoskopkulture.com\/sr\/#\/schema\/person\/5bb478a7901574f95a4e73f4fd8cebb1"},"headline":"Fondacija \u201eNovi Sad 2021\u201c donosi spektakl na otvaranje Gradi\u0107 festa","datePublished":"2018-08-28T09:00:39+00:00","dateModified":"2020-08-28T09:20:57+00:00","mainEntityOfPage":{"@id":"https:\/\/kaleidoskopkulture.com\/sr\/david-moreno-gradic-fest-otvaranje\/"},"wordCount":436,"publisher":{"@id":"https:\/\/kaleidoskopkulture.com\/sr\/#organization"},"image":{"@id":"https:\/\/kaleidoskopkulture.com\/sr\/david-moreno-gradic-fest-otvaranje\/#primaryimage"},"thumbnailUrl":"https:\/\/kaleidoskopkulture.com\/wp-content\/uploads\/2018\/08\/ulicni_sviraci_otvaranje_moreno_gore_10-scaled.jpg","keywords":["David Moreno","Gradi\u0107 Fest","Kaleidoskop kulture 2018"],"articleSection":["Kaleidoskop kulture 2018."],"inLanguage":"sr-RS"},{"@type":"WebPage","@id":"https:\/\/kaleidoskopkulture.com\/sr\/david-moreno-gradic-fest-otvaranje\/","url":"https:\/\/kaleidoskopkulture.com\/sr\/david-moreno-gradic-fest-otvaranje\/","name":"Fondacija \u201eNovi Sad 2021\u201c donosi spektakl na otvaranje Gradi\u0107 festa","isPartOf":{"@id":"https:\/\/kaleidoskopkulture.com\/sr\/#website"},"primaryImageOfPage":{"@id":"https:\/\/kaleidoskopkulture.com\/sr\/david-moreno-gradic-fest-otvaranje\/#primaryimage"},"image":{"@id":"https:\/\/kaleidoskopkulture.com\/sr\/david-moreno-gradic-fest-otvaranje\/#primaryimage"},"thumbnailUrl":"https:\/\/kaleidoskopkulture.com\/wp-content\/uploads\/2018\/08\/ulicni_sviraci_otvaranje_moreno_gore_10-scaled.jpg","datePublished":"2018-08-28T09:00:39+00:00","dateModified":"2020-08-28T09:20:57+00:00","description":"\u0160panski pijanista David Moreno predstavi\u0107e se novosadskoj publici nesvakida\u0161njim nastupom u vazduhu u Podgra\u0111u Petrovaradinske tvr\u0111ave.","breadcrumb":{"@id":"https:\/\/kaleidoskopkulture.com\/sr\/david-moreno-gradic-fest-otvaranje\/#breadcrumb"},"inLanguage":"sr-RS","potentialAction":[{"@type":"ReadAction","target":["https:\/\/kaleidoskopkulture.com\/sr\/david-moreno-gradic-fest-otvaranje\/"]}]},{"@type":"ImageObject","inLanguage":"sr-RS","@id":"https:\/\/kaleidoskopkulture.com\/sr\/david-moreno-gradic-fest-otvaranje\/#primaryimage","url":"https:\/\/kaleidoskopkulture.com\/wp-content\/uploads\/2018\/08\/ulicni_sviraci_otvaranje_moreno_gore_10-scaled.jpg","contentUrl":"https:\/\/kaleidoskopkulture.com\/wp-content\/uploads\/2018\/08\/ulicni_sviraci_otvaranje_moreno_gore_10-scaled.jpg","width":1706,"height":2560,"caption":"David Moreno"},{"@type":"BreadcrumbList","@id":"https:\/\/kaleidoskopkulture.com\/sr\/david-moreno-gradic-fest-otvaranje\/#breadcrumb","itemListElement":[{"@type":"ListItem","position":1,"name":"Home","item":"https:\/\/kaleidoskopkulture.com\/sr\/"},{"@type":"ListItem","position":2,"name":"Fondacija \u201eNovi Sad 2021\u201c donosi spektakl na otvaranje Gradi\u0107 festa"}]},{"@type":"WebSite","@id":"https:\/\/kaleidoskopkulture.com\/sr\/#website","url":"https:\/\/kaleidoskopkulture.com\/sr\/","name":"Kaleidoskop kulture","description":"Novo lice kulture u Novom Sadu","publisher":{"@id":"https:\/\/kaleidoskopkulture.com\/sr\/#organization"},"potentialAction":[{"@type":"SearchAction","target":{"@type":"EntryPoint","urlTemplate":"https:\/\/kaleidoskopkulture.com\/sr\/?s={search_term_string}"},"query-input":"required name=search_term_string"}],"inLanguage":"sr-RS"},{"@type":"Organization","@id":"https:\/\/kaleidoskopkulture.com\/sr\/#organization","name":"Kaleidoskop kulture","url":"https:\/\/kaleidoskopkulture.com\/sr\/","logo":{"@type":"ImageObject","inLanguage":"sr-RS","@id":"https:\/\/kaleidoskopkulture.com\/sr\/#\/schema\/logo\/image\/","url":"https:\/\/kaleidoskopkulture.com\/wp-content\/uploads\/2022\/08\/cropped-kk-logo-1-1.png","contentUrl":"https:\/\/kaleidoskopkulture.com\/wp-content\/uploads\/2022\/08\/cropped-kk-logo-1-1.png","width":260,"height":90,"caption":"Kaleidoskop kulture"},"image":{"@id":"https:\/\/kaleidoskopkulture.com\/sr\/#\/schema\/logo\/image\/"}},{"@type":"Person","@id":"https:\/\/kaleidoskopkulture.com\/sr\/#\/schema\/person\/5bb478a7901574f95a4e73f4fd8cebb1","name":"Milana Rati\u0107","image":{"@type":"ImageObject","inLanguage":"sr-RS","@id":"https:\/\/kaleidoskopkulture.com\/sr\/#\/schema\/person\/image\/","url":"https:\/\/secure.gravatar.com\/avatar\/3ff80e830bacddd25af3f575bedcdd71?s=96&d=mm&r=g","contentUrl":"https:\/\/secure.gravatar.com\/avatar\/3ff80e830bacddd25af3f575bedcdd71?s=96&d=mm&r=g","caption":"Milana Rati\u0107"}}]}},"_links":{"self":[{"href":"https:\/\/kaleidoskopkulture.com\/sr\/wp-json\/wp\/v2\/posts\/1067","targetHints":{"allow":["GET"]}}],"collection":[{"href":"https:\/\/kaleidoskopkulture.com\/sr\/wp-json\/wp\/v2\/posts"}],"about":[{"href":"https:\/\/kaleidoskopkulture.com\/sr\/wp-json\/wp\/v2\/types\/post"}],"author":[{"embeddable":true,"href":"https:\/\/kaleidoskopkulture.com\/sr\/wp-json\/wp\/v2\/users\/7"}],"replies":[{"embeddable":true,"href":"https:\/\/kaleidoskopkulture.com\/sr\/wp-json\/wp\/v2\/comments?post=1067"}],"version-history":[{"count":1,"href":"https:\/\/kaleidoskopkulture.com\/sr\/wp-json\/wp\/v2\/posts\/1067\/revisions"}],"predecessor-version":[{"id":1073,"href":"https:\/\/kaleidoskopkulture.com\/sr\/wp-json\/wp\/v2\/posts\/1067\/revisions\/1073"}],"wp:featuredmedia":[{"embeddable":true,"href":"https:\/\/kaleidoskopkulture.com\/sr\/wp-json\/wp\/v2\/media\/859"}],"wp:attachment":[{"href":"https:\/\/kaleidoskopkulture.com\/sr\/wp-json\/wp\/v2\/media?parent=1067"}],"wp:term":[{"taxonomy":"category","embeddable":true,"href":"https:\/\/kaleidoskopkulture.com\/sr\/wp-json\/wp\/v2\/categories?post=1067"},{"taxonomy":"post_tag","embeddable":true,"href":"https:\/\/kaleidoskopkulture.com\/sr\/wp-json\/wp\/v2\/tags?post=1067"}],"curies":[{"name":"wp","href":"https:\/\/api.w.org\/{rel}","templated":true}]}}