{"id":9421,"date":"2023-08-25T10:07:51","date_gmt":"2023-08-25T08:07:51","guid":{"rendered":"https:\/\/kaleidoskopkulture.com\/?p=9421"},"modified":"2023-09-07T09:59:19","modified_gmt":"2023-09-07T07:59:19","slug":"grammy-winner-jason-miles-at-the-kaleidoscope-of-culture","status":"publish","type":"post","link":"https:\/\/kaleidoskopkulture.com\/en\/grammy-winner-jason-miles-at-the-kaleidoscope-of-culture\/","title":{"rendered":"Grammy winner Jason Miles at the Kaleidoscope of Culture"},"content":{"rendered":"<p>World-famous jazz musician and Grammy winner <strong>Jason Miles<\/strong> will perform on <strong>16 September<\/strong> in the <strong>District<\/strong> as part of the Kaleidoscope of Culture.<\/p>\n<p><iframe title=\"Elegant People\" width=\"640\" height=\"360\" src=\"https:\/\/www.youtube.com\/embed\/kyRf6xPgQWQ?feature=oembed\" frameborder=\"0\" allow=\"accelerometer; autoplay; clipboard-write; encrypted-media; gyroscope; picture-in-picture; web-share\" referrerpolicy=\"strict-origin-when-cross-origin\" allowfullscreen><\/iframe><\/p>\n<p><span data-contrast=\"auto\">Miles, known for his innovative and genre-defying approach to music, has earned a reputation as a trailblazer in the industry working alongside Miles Davis, Marcus Miller, Luther Vandross, and many others. On the road with his Electric Quartet Jason presents some of his most famous tunes as well as materials from his brand new release, Miles to Miles Live.<\/span><span data-ccp-props=\"{}\">\u00a0<\/span><\/p>\n<p><span data-contrast=\"auto\">Joined by an exciting lineup consisting of guitarist David Gilmore (Wayne Shorter, Christian McBride, Dave Douglas) bassist Reggie Washington (Steve Coleman, Branford Marsalis, Oliver Lake), and Patrick Dorcean (Ida Nielsen, Jef Lee Johnson, Zap Mama) on drums, Miles brings his New York roots into the future with a fresh, funky sound that is new, but undeniably his.<\/span><span data-ccp-props=\"{}\">\u00a0<\/span><\/p>\n<p>Free enterance.<\/p>\n<p><strong>Partner of the Kaleidoscope of culture is\u00a0<a href=\"https:\/\/www.erstebank.rs\/en\/private-clients\">Erste Bank<\/a>.\u00a0<\/strong><\/p>\n","protected":false},"excerpt":{"rendered":"<p>World-famous jazz musician and Grammy winner Jason Miles will perform on 16 September in the District as part of the Kaleidoscope of Culture. Miles, known for his innovative and genre-defying approach to music, has earned a reputation as a trailblazer&#8230;<\/p>\n","protected":false},"author":10,"featured_media":9418,"comment_status":"closed","ping_status":"closed","sticky":false,"template":"","format":"standard","meta":{"footnotes":""},"categories":[442,9,175,316,315],"tags":[],"class_list":["post-9421","post","type-post","status-publish","format-standard","has-post-thumbnail","hentry","category-kaleidoscope-of-culture-2023","category-news","category-week-of-performing-arts","category-week-of-performing-arts-highlights","category-week-of-performing-arts-news"],"yoast_head":"<!-- This site is optimized with the Yoast SEO plugin v22.4 - https:\/\/yoast.com\/wordpress\/plugins\/seo\/ -->\n<title>Grammy winner Jason Miles at the Kaleidoscope of Culture - Kaleidoskop kulture<\/title>\n<meta name=\"description\" content=\"World-famous jazz musician and Grammy winner Jason Miles will perform on 16 September in the District as part of the Kaleidoscope of Culture.\" \/>\n<meta name=\"robots\" content=\"index, follow, max-snippet:-1, max-image-preview:large, max-video-preview:-1\" \/>\n<link rel=\"canonical\" href=\"https:\/\/kaleidoskopkulture.com\/en\/grammy-winner-jason-miles-at-the-kaleidoscope-of-culture\/\" \/>\n<meta property=\"og:locale\" content=\"en_US\" \/>\n<meta property=\"og:type\" content=\"article\" \/>\n<meta property=\"og:title\" content=\"Grammy winner Jason Miles at the Kaleidoscope of Culture - Kaleidoskop kulture\" \/>\n<meta property=\"og:description\" content=\"World-famous jazz musician and Grammy winner Jason Miles will perform on 16 September in the District as part of the Kaleidoscope of Culture.\" \/>\n<meta property=\"og:url\" content=\"https:\/\/kaleidoskopkulture.com\/en\/grammy-winner-jason-miles-at-the-kaleidoscope-of-culture\/\" \/>\n<meta property=\"og:site_name\" content=\"Kaleidoskop kulture\" \/>\n<meta property=\"article:published_time\" content=\"2023-08-25T08:07:51+00:00\" \/>\n<meta property=\"article:modified_time\" content=\"2023-09-07T07:59:19+00:00\" \/>\n<meta property=\"og:image\" content=\"https:\/\/kaleidoskopkulture.com\/wp-content\/uploads\/2023\/08\/Jason-11-scaled-1.jpg\" \/>\n\t<meta property=\"og:image:width\" content=\"2560\" \/>\n\t<meta property=\"og:image:height\" content=\"1709\" \/>\n\t<meta property=\"og:image:type\" content=\"image\/jpeg\" \/>\n<meta name=\"author\" content=\"Jasmina Toma\u0161evi\u0107\" \/>\n<meta name=\"twitter:card\" content=\"summary_large_image\" \/>\n<meta name=\"twitter:label1\" content=\"Written by\" \/>\n\t<meta name=\"twitter:data1\" content=\"Jasmina Toma\u0161evi\u0107\" \/>\n\t<meta name=\"twitter:label2\" content=\"Est. reading time\" \/>\n\t<meta name=\"twitter:data2\" content=\"1 minute\" \/>\n<script type=\"application\/ld+json\" class=\"yoast-schema-graph\">{\"@context\":\"https:\/\/schema.org\",\"@graph\":[{\"@type\":\"Article\",\"@id\":\"https:\/\/kaleidoskopkulture.com\/en\/grammy-winner-jason-miles-at-the-kaleidoscope-of-culture\/#article\",\"isPartOf\":{\"@id\":\"https:\/\/kaleidoskopkulture.com\/en\/grammy-winner-jason-miles-at-the-kaleidoscope-of-culture\/\"},\"author\":{\"name\":\"Jasmina Toma\u0161evi\u0107\",\"@id\":\"https:\/\/kaleidoskopkulture.com\/sr\/#\/schema\/person\/0d8d753b697d706199f9ad6795577075\"},\"headline\":\"Grammy winner Jason Miles at the Kaleidoscope of Culture\",\"datePublished\":\"2023-08-25T08:07:51+00:00\",\"dateModified\":\"2023-09-07T07:59:19+00:00\",\"mainEntityOfPage\":{\"@id\":\"https:\/\/kaleidoskopkulture.com\/en\/grammy-winner-jason-miles-at-the-kaleidoscope-of-culture\/\"},\"wordCount\":168,\"publisher\":{\"@id\":\"https:\/\/kaleidoskopkulture.com\/sr\/#organization\"},\"image\":{\"@id\":\"https:\/\/kaleidoskopkulture.com\/en\/grammy-winner-jason-miles-at-the-kaleidoscope-of-culture\/#primaryimage\"},\"thumbnailUrl\":\"https:\/\/kaleidoskopkulture.com\/wp-content\/uploads\/2023\/08\/Jason-11-scaled-1.jpg\",\"articleSection\":[\"Kaleidoscope of culture 2023\",\"News\",\"Week of Performing Arts\",\"Week of Performing Arts Highlights\",\"Week of Performing Arts News\"],\"inLanguage\":\"en-US\"},{\"@type\":\"WebPage\",\"@id\":\"https:\/\/kaleidoskopkulture.com\/en\/grammy-winner-jason-miles-at-the-kaleidoscope-of-culture\/\",\"url\":\"https:\/\/kaleidoskopkulture.com\/en\/grammy-winner-jason-miles-at-the-kaleidoscope-of-culture\/\",\"name\":\"Grammy winner Jason Miles at the Kaleidoscope of Culture - Kaleidoskop kulture\",\"isPartOf\":{\"@id\":\"https:\/\/kaleidoskopkulture.com\/sr\/#website\"},\"primaryImageOfPage\":{\"@id\":\"https:\/\/kaleidoskopkulture.com\/en\/grammy-winner-jason-miles-at-the-kaleidoscope-of-culture\/#primaryimage\"},\"image\":{\"@id\":\"https:\/\/kaleidoskopkulture.com\/en\/grammy-winner-jason-miles-at-the-kaleidoscope-of-culture\/#primaryimage\"},\"thumbnailUrl\":\"https:\/\/kaleidoskopkulture.com\/wp-content\/uploads\/2023\/08\/Jason-11-scaled-1.jpg\",\"datePublished\":\"2023-08-25T08:07:51+00:00\",\"dateModified\":\"2023-09-07T07:59:19+00:00\",\"description\":\"World-famous jazz musician and Grammy winner Jason Miles will perform on 16 September in the District as part of the Kaleidoscope of Culture.\",\"breadcrumb\":{\"@id\":\"https:\/\/kaleidoskopkulture.com\/en\/grammy-winner-jason-miles-at-the-kaleidoscope-of-culture\/#breadcrumb\"},\"inLanguage\":\"en-US\",\"potentialAction\":[{\"@type\":\"ReadAction\",\"target\":[\"https:\/\/kaleidoskopkulture.com\/en\/grammy-winner-jason-miles-at-the-kaleidoscope-of-culture\/\"]}]},{\"@type\":\"ImageObject\",\"inLanguage\":\"en-US\",\"@id\":\"https:\/\/kaleidoskopkulture.com\/en\/grammy-winner-jason-miles-at-the-kaleidoscope-of-culture\/#primaryimage\",\"url\":\"https:\/\/kaleidoskopkulture.com\/wp-content\/uploads\/2023\/08\/Jason-11-scaled-1.jpg\",\"contentUrl\":\"https:\/\/kaleidoskopkulture.com\/wp-content\/uploads\/2023\/08\/Jason-11-scaled-1.jpg\",\"width\":2560,\"height\":1709},{\"@type\":\"BreadcrumbList\",\"@id\":\"https:\/\/kaleidoskopkulture.com\/en\/grammy-winner-jason-miles-at-the-kaleidoscope-of-culture\/#breadcrumb\",\"itemListElement\":[{\"@type\":\"ListItem\",\"position\":1,\"name\":\"Home\",\"item\":\"https:\/\/kaleidoskopkulture.com\/sr\/\"},{\"@type\":\"ListItem\",\"position\":2,\"name\":\"Grammy winner Jason Miles at the Kaleidoscope of Culture\"}]},{\"@type\":\"WebSite\",\"@id\":\"https:\/\/kaleidoskopkulture.com\/sr\/#website\",\"url\":\"https:\/\/kaleidoskopkulture.com\/sr\/\",\"name\":\"Kaleidoskop kulture\",\"description\":\"Novo lice kulture u Novom Sadu\",\"publisher\":{\"@id\":\"https:\/\/kaleidoskopkulture.com\/sr\/#organization\"},\"potentialAction\":[{\"@type\":\"SearchAction\",\"target\":{\"@type\":\"EntryPoint\",\"urlTemplate\":\"https:\/\/kaleidoskopkulture.com\/sr\/?s={search_term_string}\"},\"query-input\":\"required name=search_term_string\"}],\"inLanguage\":\"en-US\"},{\"@type\":\"Organization\",\"@id\":\"https:\/\/kaleidoskopkulture.com\/sr\/#organization\",\"name\":\"Kaleidoskop kulture\",\"url\":\"https:\/\/kaleidoskopkulture.com\/sr\/\",\"logo\":{\"@type\":\"ImageObject\",\"inLanguage\":\"en-US\",\"@id\":\"https:\/\/kaleidoskopkulture.com\/sr\/#\/schema\/logo\/image\/\",\"url\":\"https:\/\/kaleidoskopkulture.com\/wp-content\/uploads\/2022\/08\/kk-en.png\",\"contentUrl\":\"https:\/\/kaleidoskopkulture.com\/wp-content\/uploads\/2022\/08\/kk-en.png\",\"width\":780,\"height\":272,\"caption\":\"Kaleidoskop kulture\"},\"image\":{\"@id\":\"https:\/\/kaleidoskopkulture.com\/sr\/#\/schema\/logo\/image\/\"}},{\"@type\":\"Person\",\"@id\":\"https:\/\/kaleidoskopkulture.com\/sr\/#\/schema\/person\/0d8d753b697d706199f9ad6795577075\",\"name\":\"Jasmina Toma\u0161evi\u0107\",\"image\":{\"@type\":\"ImageObject\",\"inLanguage\":\"en-US\",\"@id\":\"https:\/\/kaleidoskopkulture.com\/sr\/#\/schema\/person\/image\/\",\"url\":\"https:\/\/secure.gravatar.com\/avatar\/d2e726a2a0cc0212782f6b85597f58c9?s=96&d=mm&r=g\",\"contentUrl\":\"https:\/\/secure.gravatar.com\/avatar\/d2e726a2a0cc0212782f6b85597f58c9?s=96&d=mm&r=g\",\"caption\":\"Jasmina Toma\u0161evi\u0107\"}}]}<\/script>\n<!-- \/ Yoast SEO plugin. -->","yoast_head_json":{"title":"Grammy winner Jason Miles at the Kaleidoscope of Culture - Kaleidoskop kulture","description":"World-famous jazz musician and Grammy winner Jason Miles will perform on 16 September in the District as part of the Kaleidoscope of Culture.","robots":{"index":"index","follow":"follow","max-snippet":"max-snippet:-1","max-image-preview":"max-image-preview:large","max-video-preview":"max-video-preview:-1"},"canonical":"https:\/\/kaleidoskopkulture.com\/en\/grammy-winner-jason-miles-at-the-kaleidoscope-of-culture\/","og_locale":"en_US","og_type":"article","og_title":"Grammy winner Jason Miles at the Kaleidoscope of Culture - Kaleidoskop kulture","og_description":"World-famous jazz musician and Grammy winner Jason Miles will perform on 16 September in the District as part of the Kaleidoscope of Culture.","og_url":"https:\/\/kaleidoskopkulture.com\/en\/grammy-winner-jason-miles-at-the-kaleidoscope-of-culture\/","og_site_name":"Kaleidoskop kulture","article_published_time":"2023-08-25T08:07:51+00:00","article_modified_time":"2023-09-07T07:59:19+00:00","og_image":[{"width":2560,"height":1709,"url":"https:\/\/kaleidoskopkulture.com\/wp-content\/uploads\/2023\/08\/Jason-11-scaled-1.jpg","type":"image\/jpeg"}],"author":"Jasmina Toma\u0161evi\u0107","twitter_card":"summary_large_image","twitter_misc":{"Written by":"Jasmina Toma\u0161evi\u0107","Est. reading time":"1 minute"},"schema":{"@context":"https:\/\/schema.org","@graph":[{"@type":"Article","@id":"https:\/\/kaleidoskopkulture.com\/en\/grammy-winner-jason-miles-at-the-kaleidoscope-of-culture\/#article","isPartOf":{"@id":"https:\/\/kaleidoskopkulture.com\/en\/grammy-winner-jason-miles-at-the-kaleidoscope-of-culture\/"},"author":{"name":"Jasmina Toma\u0161evi\u0107","@id":"https:\/\/kaleidoskopkulture.com\/sr\/#\/schema\/person\/0d8d753b697d706199f9ad6795577075"},"headline":"Grammy winner Jason Miles at the Kaleidoscope of Culture","datePublished":"2023-08-25T08:07:51+00:00","dateModified":"2023-09-07T07:59:19+00:00","mainEntityOfPage":{"@id":"https:\/\/kaleidoskopkulture.com\/en\/grammy-winner-jason-miles-at-the-kaleidoscope-of-culture\/"},"wordCount":168,"publisher":{"@id":"https:\/\/kaleidoskopkulture.com\/sr\/#organization"},"image":{"@id":"https:\/\/kaleidoskopkulture.com\/en\/grammy-winner-jason-miles-at-the-kaleidoscope-of-culture\/#primaryimage"},"thumbnailUrl":"https:\/\/kaleidoskopkulture.com\/wp-content\/uploads\/2023\/08\/Jason-11-scaled-1.jpg","articleSection":["Kaleidoscope of culture 2023","News","Week of Performing Arts","Week of Performing Arts Highlights","Week of Performing Arts News"],"inLanguage":"en-US"},{"@type":"WebPage","@id":"https:\/\/kaleidoskopkulture.com\/en\/grammy-winner-jason-miles-at-the-kaleidoscope-of-culture\/","url":"https:\/\/kaleidoskopkulture.com\/en\/grammy-winner-jason-miles-at-the-kaleidoscope-of-culture\/","name":"Grammy winner Jason Miles at the Kaleidoscope of Culture - Kaleidoskop kulture","isPartOf":{"@id":"https:\/\/kaleidoskopkulture.com\/sr\/#website"},"primaryImageOfPage":{"@id":"https:\/\/kaleidoskopkulture.com\/en\/grammy-winner-jason-miles-at-the-kaleidoscope-of-culture\/#primaryimage"},"image":{"@id":"https:\/\/kaleidoskopkulture.com\/en\/grammy-winner-jason-miles-at-the-kaleidoscope-of-culture\/#primaryimage"},"thumbnailUrl":"https:\/\/kaleidoskopkulture.com\/wp-content\/uploads\/2023\/08\/Jason-11-scaled-1.jpg","datePublished":"2023-08-25T08:07:51+00:00","dateModified":"2023-09-07T07:59:19+00:00","description":"World-famous jazz musician and Grammy winner Jason Miles will perform on 16 September in the District as part of the Kaleidoscope of Culture.","breadcrumb":{"@id":"https:\/\/kaleidoskopkulture.com\/en\/grammy-winner-jason-miles-at-the-kaleidoscope-of-culture\/#breadcrumb"},"inLanguage":"en-US","potentialAction":[{"@type":"ReadAction","target":["https:\/\/kaleidoskopkulture.com\/en\/grammy-winner-jason-miles-at-the-kaleidoscope-of-culture\/"]}]},{"@type":"ImageObject","inLanguage":"en-US","@id":"https:\/\/kaleidoskopkulture.com\/en\/grammy-winner-jason-miles-at-the-kaleidoscope-of-culture\/#primaryimage","url":"https:\/\/kaleidoskopkulture.com\/wp-content\/uploads\/2023\/08\/Jason-11-scaled-1.jpg","contentUrl":"https:\/\/kaleidoskopkulture.com\/wp-content\/uploads\/2023\/08\/Jason-11-scaled-1.jpg","width":2560,"height":1709},{"@type":"BreadcrumbList","@id":"https:\/\/kaleidoskopkulture.com\/en\/grammy-winner-jason-miles-at-the-kaleidoscope-of-culture\/#breadcrumb","itemListElement":[{"@type":"ListItem","position":1,"name":"Home","item":"https:\/\/kaleidoskopkulture.com\/sr\/"},{"@type":"ListItem","position":2,"name":"Grammy winner Jason Miles at the Kaleidoscope of Culture"}]},{"@type":"WebSite","@id":"https:\/\/kaleidoskopkulture.com\/sr\/#website","url":"https:\/\/kaleidoskopkulture.com\/sr\/","name":"Kaleidoskop kulture","description":"Novo lice kulture u Novom Sadu","publisher":{"@id":"https:\/\/kaleidoskopkulture.com\/sr\/#organization"},"potentialAction":[{"@type":"SearchAction","target":{"@type":"EntryPoint","urlTemplate":"https:\/\/kaleidoskopkulture.com\/sr\/?s={search_term_string}"},"query-input":"required name=search_term_string"}],"inLanguage":"en-US"},{"@type":"Organization","@id":"https:\/\/kaleidoskopkulture.com\/sr\/#organization","name":"Kaleidoskop kulture","url":"https:\/\/kaleidoskopkulture.com\/sr\/","logo":{"@type":"ImageObject","inLanguage":"en-US","@id":"https:\/\/kaleidoskopkulture.com\/sr\/#\/schema\/logo\/image\/","url":"https:\/\/kaleidoskopkulture.com\/wp-content\/uploads\/2022\/08\/kk-en.png","contentUrl":"https:\/\/kaleidoskopkulture.com\/wp-content\/uploads\/2022\/08\/kk-en.png","width":780,"height":272,"caption":"Kaleidoskop kulture"},"image":{"@id":"https:\/\/kaleidoskopkulture.com\/sr\/#\/schema\/logo\/image\/"}},{"@type":"Person","@id":"https:\/\/kaleidoskopkulture.com\/sr\/#\/schema\/person\/0d8d753b697d706199f9ad6795577075","name":"Jasmina Toma\u0161evi\u0107","image":{"@type":"ImageObject","inLanguage":"en-US","@id":"https:\/\/kaleidoskopkulture.com\/sr\/#\/schema\/person\/image\/","url":"https:\/\/secure.gravatar.com\/avatar\/d2e726a2a0cc0212782f6b85597f58c9?s=96&d=mm&r=g","contentUrl":"https:\/\/secure.gravatar.com\/avatar\/d2e726a2a0cc0212782f6b85597f58c9?s=96&d=mm&r=g","caption":"Jasmina Toma\u0161evi\u0107"}}]}},"_links":{"self":[{"href":"https:\/\/kaleidoskopkulture.com\/en\/wp-json\/wp\/v2\/posts\/9421","targetHints":{"allow":["GET"]}}],"collection":[{"href":"https:\/\/kaleidoskopkulture.com\/en\/wp-json\/wp\/v2\/posts"}],"about":[{"href":"https:\/\/kaleidoskopkulture.com\/en\/wp-json\/wp\/v2\/types\/post"}],"author":[{"embeddable":true,"href":"https:\/\/kaleidoskopkulture.com\/en\/wp-json\/wp\/v2\/users\/10"}],"replies":[{"embeddable":true,"href":"https:\/\/kaleidoskopkulture.com\/en\/wp-json\/wp\/v2\/comments?post=9421"}],"version-history":[{"count":3,"href":"https:\/\/kaleidoskopkulture.com\/en\/wp-json\/wp\/v2\/posts\/9421\/revisions"}],"predecessor-version":[{"id":9746,"href":"https:\/\/kaleidoskopkulture.com\/en\/wp-json\/wp\/v2\/posts\/9421\/revisions\/9746"}],"wp:featuredmedia":[{"embeddable":true,"href":"https:\/\/kaleidoskopkulture.com\/en\/wp-json\/wp\/v2\/media\/9418"}],"wp:attachment":[{"href":"https:\/\/kaleidoskopkulture.com\/en\/wp-json\/wp\/v2\/media?parent=9421"}],"wp:term":[{"taxonomy":"category","embeddable":true,"href":"https:\/\/kaleidoskopkulture.com\/en\/wp-json\/wp\/v2\/categories?post=9421"},{"taxonomy":"post_tag","embeddable":true,"href":"https:\/\/kaleidoskopkulture.com\/en\/wp-json\/wp\/v2\/tags?post=9421"}],"curies":[{"name":"wp","href":"https:\/\/api.w.org\/{rel}","templated":true}]}}