{"id":1900,"date":"2020-09-03T15:20:13","date_gmt":"2020-09-03T13:20:13","guid":{"rendered":"https:\/\/kaleidoskopkulture.com\/?p=1900"},"modified":"2020-09-22T15:36:50","modified_gmt":"2020-09-22T13:36:50","slug":"great-liman-narratives-of-inherited-area-exhibition-tonight-from-9-p-m","status":"publish","type":"post","link":"https:\/\/kaleidoskopkulture.com\/en\/great-liman-narratives-of-inherited-area-exhibition-tonight-from-9-p-m\/","title":{"rendered":"\u2018Great Liman: Narratives of Inherited Area\u2019 Exhibition Tonight from 9 p.m."},"content":{"rendered":"<p><a href=\"https:\/\/kaleidoskopkulture.com\/en\/great-liman-narratives-of-inherited-space-exhibition\/\"><span style=\"text-decoration: underline;\">The \u2018Great Liman: Narratives of Inherited Area\u2019 exhibition<\/span><\/a> of the PDP conference will be opened in Radionica (workshop), Menza (canteen) and \u010celi\u010dana (steel factory), the area of the former Great Liman, on Friday, <strong>4 September at 9 p.m.<\/strong> <a href=\"https:\/\/kaleidoskopkulture.com\/en\/multimedia-spectacle-opens-the-third-kaleidoscope-of-culture\/\">within gala opening of the Kaleidoscope of Culture<\/a>. The exhibition focuses on the tangible and intangible heritage of the Kramer brothers factory, i.e. Petar Drap\u0161in, which most strongly determined the identity of this area.<!--more--><\/p>\n<p>\u2018The artistic concept we have set up represents the industrial heritage that indicates what will be in this area. It shows the transformation of the narrative of this area from the period of industrial production, through craft production, to cultural production. When it comes to that last layer, i.e., what will be here, we wished to use contents that will happen at the opening as an exhibit. That is the reason why the exhibition passes through the area of the former Great Liman and leads visitors from facility to facility, where the grand opening takes place,\u2019 points out <strong>Diana Vujaklija<\/strong> on behalf of the PDP conference.<\/p>\n<p><img fetchpriority=\"high\" decoding=\"async\" class=\"aligncenter wp-image-1153 size-full\" src=\"https:\/\/kaleidoskopkulture.com\/wp-content\/uploads\/2020\/08\/re5b.jpg\" alt=\"Veliki Liman Great\" width=\"800\" height=\"552\" srcset=\"https:\/\/kaleidoskopkulture.com\/wp-content\/uploads\/2020\/08\/re5b.jpg 800w, https:\/\/kaleidoskopkulture.com\/wp-content\/uploads\/2020\/08\/re5b-300x207.jpg 300w, https:\/\/kaleidoskopkulture.com\/wp-content\/uploads\/2020\/08\/re5b-768x530.jpg 768w\" sizes=\"(max-width: 800px) 100vw, 800px\" \/><\/p>\n<p>The exhibition shows the industrial past of the former Great Liman through written and pictorial archives, printed literature, photo-documentation and oral sources, focusing on the tangible and intangible heritage of the Kramer brothers factory, i.e. Petar Drap\u0161in, which undoubtedly determined the identity of this area.<\/p>\n<p>In the early 1920s, in the area of Veliki Liman, along the Danube, the Czechoslovak Ministry of Trade built a warehouse, which generated the formation of a new city industrial zone. Soon, numerous factories were built on the former swampy ground, primarily for processing metal, wood and stone, but also large warehouses, such as the State Monopoly.<\/p>\n<p>After the relocation of the Petar Drap\u0161in factory, the area began to be occupied mostly by craftsmen, as well as by youth associations and artists, who revived the abandoned factory complexes. In this period, the inherited buildings, although already ruined, were transformed into workshops of various crafts, art studios and gathering places for young people, as evidenced by the photographs of <strong>Predrag Uzelac<\/strong>.<\/p>\n<p>After the reconstruction of the infrastructure and putting into function certain objects of rich history, this segment of the historic Great Liman will become a kind of creative district and the epicentre of the cultural production of the city of Novi Sad.<\/p>\n<p>The exhibition visualizes organic changes in the purpose of historical buildings in a unique way, from their construction to what they are currently being transformed into.<\/p>\n<p>The curators of the exhibition are\u00a0<strong>Anica Dragani\u0107<\/strong>, associate professor in the field of history of architecture and preservation of architectural heritage at the Department of Architecture and Urbanism, Faculty of Technical Sciences, University of Novi Sad, and\u00a0<strong>M\u00e1ria Szil\u00e1gyi<\/strong>, architectural historian and conservator, employed as an assistant with a doctorate at the Department of Architecture and urbanism of the Faculty of Technical Sciences The author of the photographs is\u00a0<strong>Predrag Uzelac<\/strong>, while the\u00a0<a href=\"https:\/\/pdpconference.org\/\">PDP Creative Media Conference<\/a>\u00a0is in charge of artistic concept and design.<\/p>\n<p>Archive resources were collected in the Historical Archives of the City of Novi Sad, with special thanks to Aleksandar Vrani\u0107, Neboj\u0161a Kuzmanovi\u0107, PhD, director of the Archive of Vojvodina, as well as the Library of Matica Srpska.<\/p>\n","protected":false},"excerpt":{"rendered":"<p>The \u2018Great Liman: Narratives of Inherited Area\u2019 exhibition of the PDP conference will be opened in Radionica (workshop), Menza (canteen) and \u010celi\u010dana (steel factory), the area of the former Great Liman, on Friday, 4 September at 9 p.m. within gala&#8230;<\/p>\n","protected":false},"author":7,"featured_media":1575,"comment_status":"closed","ping_status":"closed","sticky":false,"template":"","format":"standard","meta":{"footnotes":""},"categories":[169],"tags":[],"class_list":["post-1900","post","type-post","status-publish","format-standard","has-post-thumbnail","hentry","category-kaleidoscope-of-culture-2020"],"yoast_head":"<!-- This site is optimized with the Yoast SEO plugin v22.4 - https:\/\/yoast.com\/wordpress\/plugins\/seo\/ -->\n<title>\u2018Great Liman: Narratives of Inherited Area\u2019 Exhibition Tonight from 9 p.m. - Kaleidoskop kulture<\/title>\n<meta name=\"robots\" content=\"index, follow, max-snippet:-1, max-image-preview:large, max-video-preview:-1\" \/>\n<link rel=\"canonical\" href=\"https:\/\/kaleidoskopkulture.com\/en\/great-liman-narratives-of-inherited-area-exhibition-tonight-from-9-p-m\/\" \/>\n<meta property=\"og:locale\" content=\"en_US\" \/>\n<meta property=\"og:type\" content=\"article\" \/>\n<meta property=\"og:title\" content=\"\u2018Great Liman: Narratives of Inherited Area\u2019 Exhibition Tonight from 9 p.m. - Kaleidoskop kulture\" \/>\n<meta property=\"og:description\" content=\"The \u2018Great Liman: Narratives of Inherited Area\u2019 exhibition of the PDP conference will be opened in Radionica (workshop), Menza (canteen) and \u010celi\u010dana (steel factory), the area of the former Great Liman, on Friday, 4 September at 9 p.m. within gala...\" \/>\n<meta property=\"og:url\" content=\"https:\/\/kaleidoskopkulture.com\/en\/great-liman-narratives-of-inherited-area-exhibition-tonight-from-9-p-m\/\" \/>\n<meta property=\"og:site_name\" content=\"Kaleidoskop kulture\" \/>\n<meta property=\"article:published_time\" content=\"2020-09-03T13:20:13+00:00\" \/>\n<meta property=\"article:modified_time\" content=\"2020-09-22T13:36:50+00:00\" \/>\n<meta property=\"og:image\" content=\"https:\/\/kaleidoskopkulture.com\/wp-content\/uploads\/2020\/09\/Veliki-Liman_online_4.png\" \/>\n<meta name=\"author\" content=\"Milana Rati\u0107\" \/>\n<meta name=\"twitter:card\" content=\"summary_large_image\" \/>\n<meta name=\"twitter:label1\" content=\"Written by\" \/>\n\t<meta name=\"twitter:data1\" content=\"Milana Rati\u0107\" \/>\n\t<meta name=\"twitter:label2\" content=\"Est. reading time\" \/>\n\t<meta name=\"twitter:data2\" content=\"3 minutes\" \/>\n<script type=\"application\/ld+json\" class=\"yoast-schema-graph\">{\"@context\":\"https:\/\/schema.org\",\"@graph\":[{\"@type\":\"Article\",\"@id\":\"https:\/\/kaleidoskopkulture.com\/en\/great-liman-narratives-of-inherited-area-exhibition-tonight-from-9-p-m\/#article\",\"isPartOf\":{\"@id\":\"https:\/\/kaleidoskopkulture.com\/en\/great-liman-narratives-of-inherited-area-exhibition-tonight-from-9-p-m\/\"},\"author\":{\"name\":\"Milana Rati\u0107\",\"@id\":\"https:\/\/kaleidoskopkulture.com\/sr\/#\/schema\/person\/5bb478a7901574f95a4e73f4fd8cebb1\"},\"headline\":\"\u2018Great Liman: Narratives of Inherited Area\u2019 Exhibition Tonight from 9 p.m.\",\"datePublished\":\"2020-09-03T13:20:13+00:00\",\"dateModified\":\"2020-09-22T13:36:50+00:00\",\"mainEntityOfPage\":{\"@id\":\"https:\/\/kaleidoskopkulture.com\/en\/great-liman-narratives-of-inherited-area-exhibition-tonight-from-9-p-m\/\"},\"wordCount\":554,\"publisher\":{\"@id\":\"https:\/\/kaleidoskopkulture.com\/sr\/#organization\"},\"image\":{\"@id\":\"https:\/\/kaleidoskopkulture.com\/en\/great-liman-narratives-of-inherited-area-exhibition-tonight-from-9-p-m\/#primaryimage\"},\"thumbnailUrl\":\"https:\/\/kaleidoskopkulture.com\/wp-content\/uploads\/2020\/09\/Veliki-Liman_online_6.png\",\"articleSection\":[\"Kaleidoscope of Culture 2020\"],\"inLanguage\":\"en-US\"},{\"@type\":\"WebPage\",\"@id\":\"https:\/\/kaleidoskopkulture.com\/en\/great-liman-narratives-of-inherited-area-exhibition-tonight-from-9-p-m\/\",\"url\":\"https:\/\/kaleidoskopkulture.com\/en\/great-liman-narratives-of-inherited-area-exhibition-tonight-from-9-p-m\/\",\"name\":\"\u2018Great Liman: Narratives of Inherited Area\u2019 Exhibition Tonight from 9 p.m. - Kaleidoskop kulture\",\"isPartOf\":{\"@id\":\"https:\/\/kaleidoskopkulture.com\/sr\/#website\"},\"primaryImageOfPage\":{\"@id\":\"https:\/\/kaleidoskopkulture.com\/en\/great-liman-narratives-of-inherited-area-exhibition-tonight-from-9-p-m\/#primaryimage\"},\"image\":{\"@id\":\"https:\/\/kaleidoskopkulture.com\/en\/great-liman-narratives-of-inherited-area-exhibition-tonight-from-9-p-m\/#primaryimage\"},\"thumbnailUrl\":\"https:\/\/kaleidoskopkulture.com\/wp-content\/uploads\/2020\/09\/Veliki-Liman_online_6.png\",\"datePublished\":\"2020-09-03T13:20:13+00:00\",\"dateModified\":\"2020-09-22T13:36:50+00:00\",\"breadcrumb\":{\"@id\":\"https:\/\/kaleidoskopkulture.com\/en\/great-liman-narratives-of-inherited-area-exhibition-tonight-from-9-p-m\/#breadcrumb\"},\"inLanguage\":\"en-US\",\"potentialAction\":[{\"@type\":\"ReadAction\",\"target\":[\"https:\/\/kaleidoskopkulture.com\/en\/great-liman-narratives-of-inherited-area-exhibition-tonight-from-9-p-m\/\"]}]},{\"@type\":\"ImageObject\",\"inLanguage\":\"en-US\",\"@id\":\"https:\/\/kaleidoskopkulture.com\/en\/great-liman-narratives-of-inherited-area-exhibition-tonight-from-9-p-m\/#primaryimage\",\"url\":\"https:\/\/kaleidoskopkulture.com\/wp-content\/uploads\/2020\/09\/Veliki-Liman_online_6.png\",\"contentUrl\":\"https:\/\/kaleidoskopkulture.com\/wp-content\/uploads\/2020\/09\/Veliki-Liman_online_6.png\",\"width\":1617,\"height\":1080,\"caption\":\"veliki liman\"},{\"@type\":\"BreadcrumbList\",\"@id\":\"https:\/\/kaleidoskopkulture.com\/en\/great-liman-narratives-of-inherited-area-exhibition-tonight-from-9-p-m\/#breadcrumb\",\"itemListElement\":[{\"@type\":\"ListItem\",\"position\":1,\"name\":\"Home\",\"item\":\"https:\/\/kaleidoskopkulture.com\/sr\/\"},{\"@type\":\"ListItem\",\"position\":2,\"name\":\"\u2018Great Liman: Narratives of Inherited Area\u2019 Exhibition Tonight from 9 p.m.\"}]},{\"@type\":\"WebSite\",\"@id\":\"https:\/\/kaleidoskopkulture.com\/sr\/#website\",\"url\":\"https:\/\/kaleidoskopkulture.com\/sr\/\",\"name\":\"Kaleidoskop kulture\",\"description\":\"Novo lice kulture u Novom Sadu\",\"publisher\":{\"@id\":\"https:\/\/kaleidoskopkulture.com\/sr\/#organization\"},\"potentialAction\":[{\"@type\":\"SearchAction\",\"target\":{\"@type\":\"EntryPoint\",\"urlTemplate\":\"https:\/\/kaleidoskopkulture.com\/sr\/?s={search_term_string}\"},\"query-input\":\"required name=search_term_string\"}],\"inLanguage\":\"en-US\"},{\"@type\":\"Organization\",\"@id\":\"https:\/\/kaleidoskopkulture.com\/sr\/#organization\",\"name\":\"Kaleidoskop kulture\",\"url\":\"https:\/\/kaleidoskopkulture.com\/sr\/\",\"logo\":{\"@type\":\"ImageObject\",\"inLanguage\":\"en-US\",\"@id\":\"https:\/\/kaleidoskopkulture.com\/sr\/#\/schema\/logo\/image\/\",\"url\":\"https:\/\/kaleidoskopkulture.com\/wp-content\/uploads\/2022\/08\/kk-en.png\",\"contentUrl\":\"https:\/\/kaleidoskopkulture.com\/wp-content\/uploads\/2022\/08\/kk-en.png\",\"width\":780,\"height\":272,\"caption\":\"Kaleidoskop kulture\"},\"image\":{\"@id\":\"https:\/\/kaleidoskopkulture.com\/sr\/#\/schema\/logo\/image\/\"}},{\"@type\":\"Person\",\"@id\":\"https:\/\/kaleidoskopkulture.com\/sr\/#\/schema\/person\/5bb478a7901574f95a4e73f4fd8cebb1\",\"name\":\"Milana Rati\u0107\",\"image\":{\"@type\":\"ImageObject\",\"inLanguage\":\"en-US\",\"@id\":\"https:\/\/kaleidoskopkulture.com\/sr\/#\/schema\/person\/image\/\",\"url\":\"https:\/\/secure.gravatar.com\/avatar\/3ff80e830bacddd25af3f575bedcdd71?s=96&d=mm&r=g\",\"contentUrl\":\"https:\/\/secure.gravatar.com\/avatar\/3ff80e830bacddd25af3f575bedcdd71?s=96&d=mm&r=g\",\"caption\":\"Milana Rati\u0107\"}}]}<\/script>\n<!-- \/ Yoast SEO plugin. -->","yoast_head_json":{"title":"\u2018Great Liman: Narratives of Inherited Area\u2019 Exhibition Tonight from 9 p.m. - Kaleidoskop kulture","robots":{"index":"index","follow":"follow","max-snippet":"max-snippet:-1","max-image-preview":"max-image-preview:large","max-video-preview":"max-video-preview:-1"},"canonical":"https:\/\/kaleidoskopkulture.com\/en\/great-liman-narratives-of-inherited-area-exhibition-tonight-from-9-p-m\/","og_locale":"en_US","og_type":"article","og_title":"\u2018Great Liman: Narratives of Inherited Area\u2019 Exhibition Tonight from 9 p.m. - Kaleidoskop kulture","og_description":"The \u2018Great Liman: Narratives of Inherited Area\u2019 exhibition of the PDP conference will be opened in Radionica (workshop), Menza (canteen) and \u010celi\u010dana (steel factory), the area of the former Great Liman, on Friday, 4 September at 9 p.m. within gala...","og_url":"https:\/\/kaleidoskopkulture.com\/en\/great-liman-narratives-of-inherited-area-exhibition-tonight-from-9-p-m\/","og_site_name":"Kaleidoskop kulture","article_published_time":"2020-09-03T13:20:13+00:00","article_modified_time":"2020-09-22T13:36:50+00:00","og_image":[{"url":"https:\/\/kaleidoskopkulture.com\/wp-content\/uploads\/2020\/09\/Veliki-Liman_online_4.png"}],"author":"Milana Rati\u0107","twitter_card":"summary_large_image","twitter_misc":{"Written by":"Milana Rati\u0107","Est. reading time":"3 minutes"},"schema":{"@context":"https:\/\/schema.org","@graph":[{"@type":"Article","@id":"https:\/\/kaleidoskopkulture.com\/en\/great-liman-narratives-of-inherited-area-exhibition-tonight-from-9-p-m\/#article","isPartOf":{"@id":"https:\/\/kaleidoskopkulture.com\/en\/great-liman-narratives-of-inherited-area-exhibition-tonight-from-9-p-m\/"},"author":{"name":"Milana Rati\u0107","@id":"https:\/\/kaleidoskopkulture.com\/sr\/#\/schema\/person\/5bb478a7901574f95a4e73f4fd8cebb1"},"headline":"\u2018Great Liman: Narratives of Inherited Area\u2019 Exhibition Tonight from 9 p.m.","datePublished":"2020-09-03T13:20:13+00:00","dateModified":"2020-09-22T13:36:50+00:00","mainEntityOfPage":{"@id":"https:\/\/kaleidoskopkulture.com\/en\/great-liman-narratives-of-inherited-area-exhibition-tonight-from-9-p-m\/"},"wordCount":554,"publisher":{"@id":"https:\/\/kaleidoskopkulture.com\/sr\/#organization"},"image":{"@id":"https:\/\/kaleidoskopkulture.com\/en\/great-liman-narratives-of-inherited-area-exhibition-tonight-from-9-p-m\/#primaryimage"},"thumbnailUrl":"https:\/\/kaleidoskopkulture.com\/wp-content\/uploads\/2020\/09\/Veliki-Liman_online_6.png","articleSection":["Kaleidoscope of Culture 2020"],"inLanguage":"en-US"},{"@type":"WebPage","@id":"https:\/\/kaleidoskopkulture.com\/en\/great-liman-narratives-of-inherited-area-exhibition-tonight-from-9-p-m\/","url":"https:\/\/kaleidoskopkulture.com\/en\/great-liman-narratives-of-inherited-area-exhibition-tonight-from-9-p-m\/","name":"\u2018Great Liman: Narratives of Inherited Area\u2019 Exhibition Tonight from 9 p.m. - Kaleidoskop kulture","isPartOf":{"@id":"https:\/\/kaleidoskopkulture.com\/sr\/#website"},"primaryImageOfPage":{"@id":"https:\/\/kaleidoskopkulture.com\/en\/great-liman-narratives-of-inherited-area-exhibition-tonight-from-9-p-m\/#primaryimage"},"image":{"@id":"https:\/\/kaleidoskopkulture.com\/en\/great-liman-narratives-of-inherited-area-exhibition-tonight-from-9-p-m\/#primaryimage"},"thumbnailUrl":"https:\/\/kaleidoskopkulture.com\/wp-content\/uploads\/2020\/09\/Veliki-Liman_online_6.png","datePublished":"2020-09-03T13:20:13+00:00","dateModified":"2020-09-22T13:36:50+00:00","breadcrumb":{"@id":"https:\/\/kaleidoskopkulture.com\/en\/great-liman-narratives-of-inherited-area-exhibition-tonight-from-9-p-m\/#breadcrumb"},"inLanguage":"en-US","potentialAction":[{"@type":"ReadAction","target":["https:\/\/kaleidoskopkulture.com\/en\/great-liman-narratives-of-inherited-area-exhibition-tonight-from-9-p-m\/"]}]},{"@type":"ImageObject","inLanguage":"en-US","@id":"https:\/\/kaleidoskopkulture.com\/en\/great-liman-narratives-of-inherited-area-exhibition-tonight-from-9-p-m\/#primaryimage","url":"https:\/\/kaleidoskopkulture.com\/wp-content\/uploads\/2020\/09\/Veliki-Liman_online_6.png","contentUrl":"https:\/\/kaleidoskopkulture.com\/wp-content\/uploads\/2020\/09\/Veliki-Liman_online_6.png","width":1617,"height":1080,"caption":"veliki liman"},{"@type":"BreadcrumbList","@id":"https:\/\/kaleidoskopkulture.com\/en\/great-liman-narratives-of-inherited-area-exhibition-tonight-from-9-p-m\/#breadcrumb","itemListElement":[{"@type":"ListItem","position":1,"name":"Home","item":"https:\/\/kaleidoskopkulture.com\/sr\/"},{"@type":"ListItem","position":2,"name":"\u2018Great Liman: Narratives of Inherited Area\u2019 Exhibition Tonight from 9 p.m."}]},{"@type":"WebSite","@id":"https:\/\/kaleidoskopkulture.com\/sr\/#website","url":"https:\/\/kaleidoskopkulture.com\/sr\/","name":"Kaleidoskop kulture","description":"Novo lice kulture u Novom Sadu","publisher":{"@id":"https:\/\/kaleidoskopkulture.com\/sr\/#organization"},"potentialAction":[{"@type":"SearchAction","target":{"@type":"EntryPoint","urlTemplate":"https:\/\/kaleidoskopkulture.com\/sr\/?s={search_term_string}"},"query-input":"required name=search_term_string"}],"inLanguage":"en-US"},{"@type":"Organization","@id":"https:\/\/kaleidoskopkulture.com\/sr\/#organization","name":"Kaleidoskop kulture","url":"https:\/\/kaleidoskopkulture.com\/sr\/","logo":{"@type":"ImageObject","inLanguage":"en-US","@id":"https:\/\/kaleidoskopkulture.com\/sr\/#\/schema\/logo\/image\/","url":"https:\/\/kaleidoskopkulture.com\/wp-content\/uploads\/2022\/08\/kk-en.png","contentUrl":"https:\/\/kaleidoskopkulture.com\/wp-content\/uploads\/2022\/08\/kk-en.png","width":780,"height":272,"caption":"Kaleidoskop kulture"},"image":{"@id":"https:\/\/kaleidoskopkulture.com\/sr\/#\/schema\/logo\/image\/"}},{"@type":"Person","@id":"https:\/\/kaleidoskopkulture.com\/sr\/#\/schema\/person\/5bb478a7901574f95a4e73f4fd8cebb1","name":"Milana Rati\u0107","image":{"@type":"ImageObject","inLanguage":"en-US","@id":"https:\/\/kaleidoskopkulture.com\/sr\/#\/schema\/person\/image\/","url":"https:\/\/secure.gravatar.com\/avatar\/3ff80e830bacddd25af3f575bedcdd71?s=96&d=mm&r=g","contentUrl":"https:\/\/secure.gravatar.com\/avatar\/3ff80e830bacddd25af3f575bedcdd71?s=96&d=mm&r=g","caption":"Milana Rati\u0107"}}]}},"_links":{"self":[{"href":"https:\/\/kaleidoskopkulture.com\/en\/wp-json\/wp\/v2\/posts\/1900","targetHints":{"allow":["GET"]}}],"collection":[{"href":"https:\/\/kaleidoskopkulture.com\/en\/wp-json\/wp\/v2\/posts"}],"about":[{"href":"https:\/\/kaleidoskopkulture.com\/en\/wp-json\/wp\/v2\/types\/post"}],"author":[{"embeddable":true,"href":"https:\/\/kaleidoskopkulture.com\/en\/wp-json\/wp\/v2\/users\/7"}],"replies":[{"embeddable":true,"href":"https:\/\/kaleidoskopkulture.com\/en\/wp-json\/wp\/v2\/comments?post=1900"}],"version-history":[{"count":3,"href":"https:\/\/kaleidoskopkulture.com\/en\/wp-json\/wp\/v2\/posts\/1900\/revisions"}],"predecessor-version":[{"id":1903,"href":"https:\/\/kaleidoskopkulture.com\/en\/wp-json\/wp\/v2\/posts\/1900\/revisions\/1903"}],"wp:featuredmedia":[{"embeddable":true,"href":"https:\/\/kaleidoskopkulture.com\/en\/wp-json\/wp\/v2\/media\/1575"}],"wp:attachment":[{"href":"https:\/\/kaleidoskopkulture.com\/en\/wp-json\/wp\/v2\/media?parent=1900"}],"wp:term":[{"taxonomy":"category","embeddable":true,"href":"https:\/\/kaleidoskopkulture.com\/en\/wp-json\/wp\/v2\/categories?post=1900"},{"taxonomy":"post_tag","embeddable":true,"href":"https:\/\/kaleidoskopkulture.com\/en\/wp-json\/wp\/v2\/tags?post=1900"}],"curies":[{"name":"wp","href":"https:\/\/api.w.org\/{rel}","templated":true}]}}